{"id":999,"date":"2012-08-31T23:00:35","date_gmt":"2012-09-01T02:00:35","guid":{"rendered":"https:\/\/ciclovida.ufpr.br\/?p=999"},"modified":"2013-06-30T16:58:28","modified_gmt":"2013-06-30T19:58:28","slug":"bicicleta-eletrica-e-a-ganhadora-do-vi-desafio-intermodal-de-curitiba","status":"publish","type":"post","link":"https:\/\/ciclovida.ufpr.br\/?p=999","title":{"rendered":"Bicicleta el\u00e9trica \u00e9 a ganhadora do VI Desafio Intermodal de Curitiba"},"content":{"rendered":"<p>Por <strong>Paula Bianchi<\/strong><\/p>\n<p>A largada aconteceu aproximadamente \u00e0s 18h20 dessa sexta feira (31). Com 39 participantes o desafio contou com os seguintes modais: autom\u00f3vel, \u00f4nibus, bicicleta, bicicleta el\u00e9trica, bicicleta <a href=\"https:\/\/ciclovida.ufpr.br\/?attachment_id=1013\" rel=\"attachment wp-att-1013\"><img loading=\"lazy\" decoding=\"async\" class=\"alignleft size-medium wp-image-1013\" title=\"543652_383375268399900_137527250_n\" src=\"https:\/\/ciclovida.ufpr.br\/wp-content\/uploads\/2012\/08\/543652_383375268399900_137527250_n-300x225.jpg\" alt=\"\" width=\"300\" height=\"225\" srcset=\"https:\/\/ciclovida.ufpr.br\/wp-content\/uploads\/2012\/08\/543652_383375268399900_137527250_n-300x225.jpg 300w, https:\/\/ciclovida.ufpr.br\/wp-content\/uploads\/2012\/08\/543652_383375268399900_137527250_n.jpg 960w\" sizes=\"auto, (max-width: 300px) 100vw, 300px\" \/><\/a>movida \u00e0 hidrog\u00eanio, motocicleta, carro el\u00e9trico, cadeira de rodas e percurso a p\u00e9, esse que foi feito tanto por caminhantes como por corredores.<\/p>\n<p>O percurso de aproximadamente 8Km foi realizado em apenas 16 minutos e 40 minutos pelo engenheiro Luiz Eduardo da Silva Wolff, primeiro colocado. Ele afirma que fez grande parte do trajeto pela ciclovia da Av. Presidente Afonso Camargo, o que foi uma grande ajuda para seu desempenho. Para Wolf sua vit\u00f3ria apenas real\u00e7a o que est\u00e1 por vir: &#8220;O futuro dos meios de transporte \u00e9 se tornarem el\u00e9tricos.&#8221;<\/p>\n<p>O segundo lugar ficou com Egon Otto, que tamb\u00e9m estava com uma bike el\u00e9trica e fez o percurso em 19 minutos e 51 segundos. A terceira coloca\u00e7\u00e3o foi para uma motocicleta, pilotada por Jean Lucas Caniele. Jean demorou 21 minutos e 13 segundos para completar o trajeto.<\/p>\n<p>&nbsp;<\/p>\n","protected":false},"excerpt":{"rendered":"<p>Por Paula Bianchi A largada aconteceu aproximadamente \u00e0s 18h20 dessa sexta feira (31). Com 39 participantes o desafio contou com os seguintes modais: autom\u00f3vel, \u00f4nibus, bicicleta, bicicleta el\u00e9trica, bicicleta movida [&hellip;]<\/p>\n","protected":false},"author":5,"featured_media":0,"comment_status":"open","ping_status":"open","sticky":false,"template":"","format":"standard","meta":{"_uag_custom_page_level_css":"","ngg_post_thumbnail":0,"footnotes":""},"categories":[17,6,1],"tags":[],"class_list":["post-999","post","type-post","status-publish","format-standard","hentry","category-clipping","category-eventos","category-noticias"],"gutentor_comment":0,"featured_image_src":"","featured_image_src_square":false,"author_info":{"display_name":"paulabianchi","author_link":"https:\/\/ciclovida.ufpr.br\/?author=5"},"rbea_author_info":{"display_name":"paulabianchi","author_link":"https:\/\/ciclovida.ufpr.br\/?author=5"},"rbea_excerpt_info":"Por Paula Bianchi A largada aconteceu aproximadamente \u00e0s 18h20 dessa sexta feira (31). Com 39 participantes o desafio contou com os seguintes modais: autom\u00f3vel, \u00f4nibus, bicicleta, bicicleta el\u00e9trica, bicicleta movida [&hellip;]","category_list":"<a href=\"https:\/\/ciclovida.ufpr.br\/?cat=17\" rel=\"category\">Clipping<\/a>, <a href=\"https:\/\/ciclovida.ufpr.br\/?cat=6\" rel=\"category\">Eventos<\/a>, <a href=\"https:\/\/ciclovida.ufpr.br\/?cat=1\" rel=\"category\">Not\u00edcias<\/a>","comments_num":"0 comments","uagb_featured_image_src":{"full":false,"thumbnail":false,"medium":false,"medium_large":false,"large":false,"1536x1536":false,"2048x2048":false,"post-thumbnail":false,"twentytwenty-fullscreen":false},"uagb_author_info":{"display_name":"paulabianchi","author_link":"https:\/\/ciclovida.ufpr.br\/?author=5"},"uagb_comment_info":0,"uagb_excerpt":"Por Paula Bianchi A largada aconteceu aproximadamente \u00e0s 18h20 dessa sexta feira (31). Com 39 participantes o desafio contou com os seguintes modais: autom\u00f3vel, \u00f4nibus, bicicleta, bicicleta el\u00e9trica, bicicleta movida [&hellip;]","wps_subtitle":"","_links":{"self":[{"href":"https:\/\/ciclovida.ufpr.br\/index.php?rest_route=\/wp\/v2\/posts\/999","targetHints":{"allow":["GET"]}}],"collection":[{"href":"https:\/\/ciclovida.ufpr.br\/index.php?rest_route=\/wp\/v2\/posts"}],"about":[{"href":"https:\/\/ciclovida.ufpr.br\/index.php?rest_route=\/wp\/v2\/types\/post"}],"author":[{"embeddable":true,"href":"https:\/\/ciclovida.ufpr.br\/index.php?rest_route=\/wp\/v2\/users\/5"}],"replies":[{"embeddable":true,"href":"https:\/\/ciclovida.ufpr.br\/index.php?rest_route=%2Fwp%2Fv2%2Fcomments&post=999"}],"version-history":[{"count":12,"href":"https:\/\/ciclovida.ufpr.br\/index.php?rest_route=\/wp\/v2\/posts\/999\/revisions"}],"predecessor-version":[{"id":1521,"href":"https:\/\/ciclovida.ufpr.br\/index.php?rest_route=\/wp\/v2\/posts\/999\/revisions\/1521"}],"wp:attachment":[{"href":"https:\/\/ciclovida.ufpr.br\/index.php?rest_route=%2Fwp%2Fv2%2Fmedia&parent=999"}],"wp:term":[{"taxonomy":"category","embeddable":true,"href":"https:\/\/ciclovida.ufpr.br\/index.php?rest_route=%2Fwp%2Fv2%2Fcategories&post=999"},{"taxonomy":"post_tag","embeddable":true,"href":"https:\/\/ciclovida.ufpr.br\/index.php?rest_route=%2Fwp%2Fv2%2Ftags&post=999"}],"curies":[{"name":"wp","href":"https:\/\/api.w.org\/{rel}","templated":true}]}}