{"id":919,"date":"2012-07-13T14:16:58","date_gmt":"2012-07-13T17:16:58","guid":{"rendered":"https:\/\/ciclovida.ufpr.br\/?p=919"},"modified":"2012-07-13T14:22:10","modified_gmt":"2012-07-13T17:22:10","slug":"passeio-de-cicloturismo-entre-curitiba-e-antonina-confirmacao","status":"publish","type":"post","link":"https:\/\/ciclovida.ufpr.br\/?p=919","title":{"rendered":"Passeio de Cicloturismo entre Curitiba e Antonina (confirma\u00e7\u00e3o)"},"content":{"rendered":"<p><span style=\"color: #ff0000;\"><strong>Anten\u00e7\u00e3o:<\/strong>\u00a0<span style=\"color: #000000;\">O passeio de cicloturismo est\u00e1 oficialmente confirmado para amanh\u00e3 (<strong>dia 14<\/strong>). A concentra\u00e7\u00e3o acontecer\u00e1 no <strong>Campus Juvev\u00ea<\/strong> da UFPR (<em>R<\/em>.\u00a0<em>Bom Jesus<\/em>, 650) \u00e0s\u00a0<strong>6h30<\/strong> da manh\u00e3. A previs\u00e3o de sa\u00edda para o passeio \u00e9 \u00e0s <strong>7h.\u00a0<\/strong>O embarque para a volta acontecer\u00e1 \u00e0s 17h.<\/span><\/span><\/p>\n","protected":false},"excerpt":{"rendered":"<p>Anten\u00e7\u00e3o:\u00a0O passeio de cicloturismo est\u00e1 oficialmente confirmado para amanh\u00e3 (dia 14). A concentra\u00e7\u00e3o acontecer\u00e1 no Campus Juvev\u00ea da UFPR (R.\u00a0Bom Jesus, 650) \u00e0s\u00a06h30 da manh\u00e3. A previs\u00e3o de sa\u00edda para [&hellip;]<\/p>\n","protected":false},"author":5,"featured_media":0,"comment_status":"open","ping_status":"open","sticky":false,"template":"","format":"standard","meta":{"_uag_custom_page_level_css":"","ngg_post_thumbnail":0,"footnotes":""},"categories":[6,1],"tags":[],"class_list":["post-919","post","type-post","status-publish","format-standard","hentry","category-eventos","category-noticias"],"gutentor_comment":0,"featured_image_src":"","featured_image_src_square":false,"author_info":{"display_name":"paulabianchi","author_link":"https:\/\/ciclovida.ufpr.br\/?author=5"},"rbea_author_info":{"display_name":"paulabianchi","author_link":"https:\/\/ciclovida.ufpr.br\/?author=5"},"rbea_excerpt_info":"Anten\u00e7\u00e3o:\u00a0O passeio de cicloturismo est\u00e1 oficialmente confirmado para amanh\u00e3 (dia 14). A concentra\u00e7\u00e3o acontecer\u00e1 no Campus Juvev\u00ea da UFPR (R.\u00a0Bom Jesus, 650) \u00e0s\u00a06h30 da manh\u00e3. A previs\u00e3o de sa\u00edda para [&hellip;]","category_list":"<a href=\"https:\/\/ciclovida.ufpr.br\/?cat=6\" rel=\"category\">Eventos<\/a>, <a href=\"https:\/\/ciclovida.ufpr.br\/?cat=1\" rel=\"category\">Not\u00edcias<\/a>","comments_num":"0 comments","uagb_featured_image_src":{"full":false,"thumbnail":false,"medium":false,"medium_large":false,"large":false,"1536x1536":false,"2048x2048":false,"post-thumbnail":false,"twentytwenty-fullscreen":false},"uagb_author_info":{"display_name":"paulabianchi","author_link":"https:\/\/ciclovida.ufpr.br\/?author=5"},"uagb_comment_info":0,"uagb_excerpt":"Anten\u00e7\u00e3o:\u00a0O passeio de cicloturismo est\u00e1 oficialmente confirmado para amanh\u00e3 (dia 14). A concentra\u00e7\u00e3o acontecer\u00e1 no Campus Juvev\u00ea da UFPR (R.\u00a0Bom Jesus, 650) \u00e0s\u00a06h30 da manh\u00e3. A previs\u00e3o de sa\u00edda para [&hellip;]","wps_subtitle":"","_links":{"self":[{"href":"https:\/\/ciclovida.ufpr.br\/index.php?rest_route=\/wp\/v2\/posts\/919","targetHints":{"allow":["GET"]}}],"collection":[{"href":"https:\/\/ciclovida.ufpr.br\/index.php?rest_route=\/wp\/v2\/posts"}],"about":[{"href":"https:\/\/ciclovida.ufpr.br\/index.php?rest_route=\/wp\/v2\/types\/post"}],"author":[{"embeddable":true,"href":"https:\/\/ciclovida.ufpr.br\/index.php?rest_route=\/wp\/v2\/users\/5"}],"replies":[{"embeddable":true,"href":"https:\/\/ciclovida.ufpr.br\/index.php?rest_route=%2Fwp%2Fv2%2Fcomments&post=919"}],"version-history":[{"count":4,"href":"https:\/\/ciclovida.ufpr.br\/index.php?rest_route=\/wp\/v2\/posts\/919\/revisions"}],"predecessor-version":[{"id":928,"href":"https:\/\/ciclovida.ufpr.br\/index.php?rest_route=\/wp\/v2\/posts\/919\/revisions\/928"}],"wp:attachment":[{"href":"https:\/\/ciclovida.ufpr.br\/index.php?rest_route=%2Fwp%2Fv2%2Fmedia&parent=919"}],"wp:term":[{"taxonomy":"category","embeddable":true,"href":"https:\/\/ciclovida.ufpr.br\/index.php?rest_route=%2Fwp%2Fv2%2Fcategories&post=919"},{"taxonomy":"post_tag","embeddable":true,"href":"https:\/\/ciclovida.ufpr.br\/index.php?rest_route=%2Fwp%2Fv2%2Ftags&post=919"}],"curies":[{"name":"wp","href":"https:\/\/api.w.org\/{rel}","templated":true}]}}