{"id":912,"date":"2012-07-11T13:25:52","date_gmt":"2012-07-11T16:25:52","guid":{"rendered":"https:\/\/ciclovida.ufpr.br\/?p=912"},"modified":"2012-07-11T13:25:52","modified_gmt":"2012-07-11T16:25:52","slug":"lei-que-cria-mes-da-bicicleta-comeca-a-tramitar-na-assembleia","status":"publish","type":"post","link":"https:\/\/ciclovida.ufpr.br\/?p=912","title":{"rendered":"Lei que cria M\u00eas da Bicicleta come\u00e7a a tramitar na Assembleia"},"content":{"rendered":"<p>Postado por <a href=\"http:\/\/www.rasca.com.br\/ver-noticia\/517\"><strong>Deputado Estadual Rasca<\/strong><\/a><\/p>\n<div>A Comiss\u00e3o de Constitui\u00e7\u00e3o e Justi\u00e7a (CCJ) da Assembleia Legislativa do Paran\u00e1 deu parecer favor\u00e1vel, nesta ter\u00e7a-feira (10), ao Projeto de Lei 316\/12 que cria o M\u00eas da Bicicleta a ser comemorado em setembro. Com a medida a data passa a constar no Calend\u00e1rio Oficial de Eventos do Estado.<\/div>\n<div><\/div>\n<div>O objetivo da Lei \u00e9 mobilizar a sociedade, poder p\u00fablico, iniciativa privada, comunidade acad\u00eamica e outros segmentos organizados em a\u00e7\u00f5es e campanhas que esclare\u00e7am e incentivem o uso da bicicleta como meio de transporte eficiente e sustent\u00e1vel.<\/div>\n<div><\/div>\n<div><a href=\"https:\/\/ciclovida.ufpr.br\/?attachment_id=915\" rel=\"attachment wp-att-915\"><img loading=\"lazy\" decoding=\"async\" class=\"aligncenter size-full wp-image-915\" title=\"cicloativitsas10072012160705\" src=\"https:\/\/ciclovida.ufpr.br\/wp-content\/uploads\/2012\/07\/cicloativitsas10072012160705.jpg\" alt=\"\" width=\"492\" height=\"322\" srcset=\"https:\/\/ciclovida.ufpr.br\/wp-content\/uploads\/2012\/07\/cicloativitsas10072012160705.jpg 492w, https:\/\/ciclovida.ufpr.br\/wp-content\/uploads\/2012\/07\/cicloativitsas10072012160705-300x196.jpg 300w\" sizes=\"auto, (max-width: 492px) 100vw, 492px\" \/><\/a><\/div>\n<div><\/div>\n<div>De acordo como deputado Rasca, que tamb\u00e9m coordena a Frente Parlamentar da Mobilidade Urbana Sustent\u00e1vel, a Lei ir\u00e1 ajudar no est\u00edmulo de a\u00e7\u00f5es educativas.<\/div>\n<div>\u201cA Lei prev\u00ea para o M\u00eas da Bicicleta atividades como o ciclocine, passeios cicl\u00edsticos, arte e bicicleta, palestras e pe\u00e7as teatrais, entre outras a\u00e7\u00f5es\u201d, explica Rasca.<\/div>\n<div><\/div>\n<div>Para o presidente da Associa\u00e7\u00e3o de Ciclistas do Alto Igua\u00e7u (CicloIgua\u00e7u), Jorge Brand, a tramita\u00e7\u00e3o da Lei representa uma conquista para os ativistas. \u201cO m\u00eas da bicicleta acontece desde 2007, initerruptamente, em Curitiba com a realiza\u00e7\u00e3o de atividades que estimulem o uso da bicicleta como modal de transporte. O poder p\u00fablico vestir essa camisa, nos deixa muito satisfeitos\u201d, afirmou Brand.<\/div>\n<div><\/div>\n<div>O Cicloigua\u00e7u foi criado em maio de 2011 e j\u00e1 conta com 200 integrantes. \u201cO objetivo principal \u00e9 tornar a bicicleta um vetor da transforma\u00e7\u00e3o social e urbana\u201d, destaca Jorge. Para ele, as cidades devem priorizar o transporte coletivo e n\u00e3o motorizado, ou seja, os ciclistas e pedestres.<\/div>\n<div>\u201cN\u00e3o podemos imaginar uma cidade onde todas as pessoas utilizem o carro para desenvolver suas atividades. Curitiba est\u00e1 despertando deste sonho motorizado, tem uma massa cr\u00edtica e consenso acad\u00eamico de que precisa investir muito mais no transporte coletivo e na bicicleta\u201d, finaliza Jorge.<\/div>\n<div><\/div>\n<div>O ciclo ativista, Jos\u00e9 Carlos Belotto, disse que o parecer favor\u00e1vel a Lei \u00e9 motivo de comemora\u00e7\u00e3o. \u201cA bicicleta est\u00e1 ganhando mais espa\u00e7o para a sua defesa. \u00c9 louv\u00e1vel que o deputado tenha este compromisso com a quest\u00e3o ambiental e social que a bicicleta representa\u201d, declarou Belotto, que foi um dos propositores da Lei.<\/div>\n<div>Ele ressalta, que a bicicleta \u00e9 um meio de transporte de baixo custo e que, tanto a Lei como a cria\u00e7\u00e3o da Frente de Mobilidade Urbana Sustent\u00e1vel, representam a possibilidade de dissemina\u00e7\u00e3o da cultura da bicicleta no Paran\u00e1.<\/div>\n<div><\/div>\n<div>FRENTE PARLAMENTAR \u2013 A Frente Parlamentar da Mobilidade Urbana Sustent\u00e1vel foi criada pelos deputados Rasca Rodrigues (PV) eStephanes Junior (PMDB),\u00a0com o intuito de promover o debate entre a sociedade e o poder p\u00fablico no que diz respeito ao deslocamento urbano sustent\u00e1vel.<\/div>\n<div>Para o deputado Rasca, ter mobilidade \u00e9 ter alternativas para deixar o carro na garagem e se locomover a p\u00e9, de bicicleta ou com o transporte coletivo. \u201c\u00c9 dispor de ciclovias e tamb\u00e9m de cal\u00e7adas que garantam acessibilidade a todos os pedestres\u201d, enfatiza Rasca.<\/div>\n<div>J\u00e1 o presidente da Comiss\u00e3o de Direito Ambiental da OAB- Paran\u00e1, Alessandro Panasolo, a cria\u00e7\u00e3o da Frente Parlamentar amplia a discuss\u00e3o entre os setores p\u00fablico e privado, incluindo neste debate a sociedade civil organizada.<\/div>\n<div>\u201cCom a entrada dos deputados neste cen\u00e1rio, temos mais um bra\u00e7o institucional para fortalecer o movimento da mobilidade no Paran\u00e1. A Assembleia passa a discutir, juridicamente e tecnicamente, a nova Lei de Mobilidade Urbana para 2012\u00a0\u2019, finalizou Panasolo.<\/div>\n<div>\u00a0<span style=\"color: #888888;\">\u00a0<\/span><\/div>\n<p><span style=\"color: #888888;\">Ceres Battistelli<br \/>\nAssessoria de Imprensa &#8211; deputado Rasca Rodrigues (PV)<\/span><\/p>\n","protected":false},"excerpt":{"rendered":"<p>Postado por Deputado Estadual Rasca A Comiss\u00e3o de Constitui\u00e7\u00e3o e Justi\u00e7a (CCJ) da Assembleia Legislativa do Paran\u00e1 deu parecer favor\u00e1vel, nesta ter\u00e7a-feira (10), ao Projeto de Lei 316\/12 que cria [&hellip;]<\/p>\n","protected":false},"author":5,"featured_media":0,"comment_status":"open","ping_status":"open","sticky":false,"template":"","format":"standard","meta":{"_uag_custom_page_level_css":"","ngg_post_thumbnail":0,"footnotes":""},"categories":[1],"tags":[],"class_list":["post-912","post","type-post","status-publish","format-standard","hentry","category-noticias"],"gutentor_comment":0,"featured_image_src":"","featured_image_src_square":false,"author_info":{"display_name":"paulabianchi","author_link":"https:\/\/ciclovida.ufpr.br\/?author=5"},"rbea_author_info":{"display_name":"paulabianchi","author_link":"https:\/\/ciclovida.ufpr.br\/?author=5"},"rbea_excerpt_info":"Postado por Deputado Estadual Rasca A Comiss\u00e3o de Constitui\u00e7\u00e3o e Justi\u00e7a (CCJ) da Assembleia Legislativa do Paran\u00e1 deu parecer favor\u00e1vel, nesta ter\u00e7a-feira (10), ao Projeto de Lei 316\/12 que cria [&hellip;]","category_list":"<a href=\"https:\/\/ciclovida.ufpr.br\/?cat=1\" rel=\"category\">Not\u00edcias<\/a>","comments_num":"0 comments","uagb_featured_image_src":{"full":false,"thumbnail":false,"medium":false,"medium_large":false,"large":false,"1536x1536":false,"2048x2048":false,"post-thumbnail":false,"twentytwenty-fullscreen":false},"uagb_author_info":{"display_name":"paulabianchi","author_link":"https:\/\/ciclovida.ufpr.br\/?author=5"},"uagb_comment_info":0,"uagb_excerpt":"Postado por Deputado Estadual Rasca A Comiss\u00e3o de Constitui\u00e7\u00e3o e Justi\u00e7a (CCJ) da Assembleia Legislativa do Paran\u00e1 deu parecer favor\u00e1vel, nesta ter\u00e7a-feira (10), ao Projeto de Lei 316\/12 que cria [&hellip;]","wps_subtitle":"","_links":{"self":[{"href":"https:\/\/ciclovida.ufpr.br\/index.php?rest_route=\/wp\/v2\/posts\/912","targetHints":{"allow":["GET"]}}],"collection":[{"href":"https:\/\/ciclovida.ufpr.br\/index.php?rest_route=\/wp\/v2\/posts"}],"about":[{"href":"https:\/\/ciclovida.ufpr.br\/index.php?rest_route=\/wp\/v2\/types\/post"}],"author":[{"embeddable":true,"href":"https:\/\/ciclovida.ufpr.br\/index.php?rest_route=\/wp\/v2\/users\/5"}],"replies":[{"embeddable":true,"href":"https:\/\/ciclovida.ufpr.br\/index.php?rest_route=%2Fwp%2Fv2%2Fcomments&post=912"}],"version-history":[{"count":5,"href":"https:\/\/ciclovida.ufpr.br\/index.php?rest_route=\/wp\/v2\/posts\/912\/revisions"}],"predecessor-version":[{"id":918,"href":"https:\/\/ciclovida.ufpr.br\/index.php?rest_route=\/wp\/v2\/posts\/912\/revisions\/918"}],"wp:attachment":[{"href":"https:\/\/ciclovida.ufpr.br\/index.php?rest_route=%2Fwp%2Fv2%2Fmedia&parent=912"}],"wp:term":[{"taxonomy":"category","embeddable":true,"href":"https:\/\/ciclovida.ufpr.br\/index.php?rest_route=%2Fwp%2Fv2%2Fcategories&post=912"},{"taxonomy":"post_tag","embeddable":true,"href":"https:\/\/ciclovida.ufpr.br\/index.php?rest_route=%2Fwp%2Fv2%2Ftags&post=912"}],"curies":[{"name":"wp","href":"https:\/\/api.w.org\/{rel}","templated":true}]}}