{"id":903,"date":"2012-07-09T23:10:46","date_gmt":"2012-07-10T02:10:46","guid":{"rendered":"https:\/\/ciclovida.ufpr.br\/?p=903"},"modified":"2012-07-09T23:10:46","modified_gmt":"2012-07-10T02:10:46","slug":"iii-congresso-de-cultura-e-educacao-para-integracao-da-america-latina-cepial","status":"publish","type":"post","link":"https:\/\/ciclovida.ufpr.br\/?p=903","title":{"rendered":"III Congresso de Cultura e Educa\u00e7\u00e3o para Integra\u00e7\u00e3o da Am\u00e9rica Latina (CEPIAL)"},"content":{"rendered":"<p>Dia 18 de Julho acontecer\u00e1 uma mesa redonda como parte das atividades do III CEPIAL. A mesa contar\u00e1 com a presen\u00e7a de tr\u00eas grandes autoridades no uso de bicicleta como meio de transporte:\u00a0Amarilis do Chile, o Thiago &#8211; diretor da CicloCidade de SP e\u00a0a Giselle da ViaCiclo de Floripa.<\/p>\n<p><a href=\"https:\/\/ciclovida.ufpr.br\/?attachment_id=905\" rel=\"attachment wp-att-905\"><img loading=\"lazy\" decoding=\"async\" class=\"aligncenter size-full wp-image-905\" title=\"472633_255118607903388_176498179098765_546696_1304510275_o\" src=\"https:\/\/ciclovida.ufpr.br\/wp-content\/uploads\/2012\/07\/472633_255118607903388_176498179098765_546696_1304510275_o1.jpg\" alt=\"\" width=\"500\" height=\"368\" srcset=\"https:\/\/ciclovida.ufpr.br\/wp-content\/uploads\/2012\/07\/472633_255118607903388_176498179098765_546696_1304510275_o1.jpg 500w, https:\/\/ciclovida.ufpr.br\/wp-content\/uploads\/2012\/07\/472633_255118607903388_176498179098765_546696_1304510275_o1-300x220.jpg 300w\" sizes=\"auto, (max-width: 500px) 100vw, 500px\" \/><\/a><\/p>\n<p>&#8220;EMENTA:\u00a0Relatar as experi\u00eancias de Cicloativistas pioneiros e pesquisadores, debatendo como envolver a Academia e a sociedade visando uma transforma\u00e7\u00e3o na cultura hegem\u00f4nica de Mobilidade Urbana focada no autom\u00f3vel que orientou o planejamento urbano das cidades Latino Americanas nas ultimas d\u00e9cadas, buscando ganhar espa\u00e7o e respeito para Bicicleta como meio de transporte sustent\u00e1vel e socialmente inclusivo.&#8221;<\/p>\n","protected":false},"excerpt":{"rendered":"<p>Dia 18 de Julho acontecer\u00e1 uma mesa redonda como parte das atividades do III CEPIAL. A mesa contar\u00e1 com a presen\u00e7a de tr\u00eas grandes autoridades no uso de bicicleta como [&hellip;]<\/p>\n","protected":false},"author":5,"featured_media":0,"comment_status":"open","ping_status":"open","sticky":false,"template":"","format":"standard","meta":{"_uag_custom_page_level_css":"","ngg_post_thumbnail":0,"footnotes":""},"categories":[1],"tags":[],"class_list":["post-903","post","type-post","status-publish","format-standard","hentry","category-noticias"],"gutentor_comment":0,"featured_image_src":"","featured_image_src_square":false,"author_info":{"display_name":"paulabianchi","author_link":"https:\/\/ciclovida.ufpr.br\/?author=5"},"rbea_author_info":{"display_name":"paulabianchi","author_link":"https:\/\/ciclovida.ufpr.br\/?author=5"},"rbea_excerpt_info":"Dia 18 de Julho acontecer\u00e1 uma mesa redonda como parte das atividades do III CEPIAL. A mesa contar\u00e1 com a presen\u00e7a de tr\u00eas grandes autoridades no uso de bicicleta como [&hellip;]","category_list":"<a href=\"https:\/\/ciclovida.ufpr.br\/?cat=1\" rel=\"category\">Not\u00edcias<\/a>","comments_num":"0 comments","uagb_featured_image_src":{"full":false,"thumbnail":false,"medium":false,"medium_large":false,"large":false,"1536x1536":false,"2048x2048":false,"post-thumbnail":false,"twentytwenty-fullscreen":false},"uagb_author_info":{"display_name":"paulabianchi","author_link":"https:\/\/ciclovida.ufpr.br\/?author=5"},"uagb_comment_info":0,"uagb_excerpt":"Dia 18 de Julho acontecer\u00e1 uma mesa redonda como parte das atividades do III CEPIAL. A mesa contar\u00e1 com a presen\u00e7a de tr\u00eas grandes autoridades no uso de bicicleta como [&hellip;]","wps_subtitle":"","_links":{"self":[{"href":"https:\/\/ciclovida.ufpr.br\/index.php?rest_route=\/wp\/v2\/posts\/903","targetHints":{"allow":["GET"]}}],"collection":[{"href":"https:\/\/ciclovida.ufpr.br\/index.php?rest_route=\/wp\/v2\/posts"}],"about":[{"href":"https:\/\/ciclovida.ufpr.br\/index.php?rest_route=\/wp\/v2\/types\/post"}],"author":[{"embeddable":true,"href":"https:\/\/ciclovida.ufpr.br\/index.php?rest_route=\/wp\/v2\/users\/5"}],"replies":[{"embeddable":true,"href":"https:\/\/ciclovida.ufpr.br\/index.php?rest_route=%2Fwp%2Fv2%2Fcomments&post=903"}],"version-history":[{"count":2,"href":"https:\/\/ciclovida.ufpr.br\/index.php?rest_route=\/wp\/v2\/posts\/903\/revisions"}],"predecessor-version":[{"id":907,"href":"https:\/\/ciclovida.ufpr.br\/index.php?rest_route=\/wp\/v2\/posts\/903\/revisions\/907"}],"wp:attachment":[{"href":"https:\/\/ciclovida.ufpr.br\/index.php?rest_route=%2Fwp%2Fv2%2Fmedia&parent=903"}],"wp:term":[{"taxonomy":"category","embeddable":true,"href":"https:\/\/ciclovida.ufpr.br\/index.php?rest_route=%2Fwp%2Fv2%2Fcategories&post=903"},{"taxonomy":"post_tag","embeddable":true,"href":"https:\/\/ciclovida.ufpr.br\/index.php?rest_route=%2Fwp%2Fv2%2Ftags&post=903"}],"curies":[{"name":"wp","href":"https:\/\/api.w.org\/{rel}","templated":true}]}}