{"id":834,"date":"2012-07-01T01:00:47","date_gmt":"2012-07-01T04:00:47","guid":{"rendered":"https:\/\/ciclovida.ufpr.br\/?p=834"},"modified":"2012-07-07T10:31:13","modified_gmt":"2012-07-07T13:31:13","slug":"passeio-de-cicloturismo-entre-curitiba-e-antonina","status":"publish","type":"post","link":"https:\/\/ciclovida.ufpr.br\/?p=834","title":{"rendered":"Passeio de Cicloturismo entre Curitiba e Antonina"},"content":{"rendered":"<p><a href=\"https:\/\/ciclovida.ufpr.br\/?attachment_id=851\" rel=\"attachment wp-att-851\"><img loading=\"lazy\" decoding=\"async\" class=\"alignnone  wp-image-851\" title=\"Sem t\u00edtulo (1)\" src=\"https:\/\/ciclovida.ufpr.br\/wp-content\/uploads\/2012\/07\/Sem-t\u00edtulo-1.jpg\" alt=\"\" width=\"635\" height=\"490\" srcset=\"https:\/\/ciclovida.ufpr.br\/wp-content\/uploads\/2012\/07\/Sem-t\u00edtulo-1.jpg 993w, https:\/\/ciclovida.ufpr.br\/wp-content\/uploads\/2012\/07\/Sem-t\u00edtulo-1-300x231.jpg 300w\" sizes=\"auto, (max-width: 635px) 100vw, 635px\" \/><\/a><\/p>\n<div>\n<p>ATEN\u00c7\u00c3O:\u00a0 Devido \u00e0s condi\u00e7\u00f5es clim\u00e1ticas, o Passeio de Cicloturismo entre Curitiba e Antonina foi transferido para o dia 14 de Julho.<\/p>\n<p>Maiores informa\u00e7\u00f5es no decorrer da semana.<\/p>\n<\/div>\n","protected":false},"excerpt":{"rendered":"<p>ATEN\u00c7\u00c3O:\u00a0 Devido \u00e0s condi\u00e7\u00f5es clim\u00e1ticas, o Passeio de Cicloturismo entre Curitiba e Antonina foi transferido para o dia 14 de Julho. Maiores informa\u00e7\u00f5es no decorrer da semana.<\/p>\n","protected":false},"author":5,"featured_media":0,"comment_status":"open","ping_status":"open","sticky":false,"template":"","format":"standard","meta":{"_uag_custom_page_level_css":"","ngg_post_thumbnail":0,"footnotes":""},"categories":[1],"tags":[],"class_list":["post-834","post","type-post","status-publish","format-standard","hentry","category-noticias"],"gutentor_comment":0,"featured_image_src":"","featured_image_src_square":false,"author_info":{"display_name":"paulabianchi","author_link":"https:\/\/ciclovida.ufpr.br\/?author=5"},"rbea_author_info":{"display_name":"paulabianchi","author_link":"https:\/\/ciclovida.ufpr.br\/?author=5"},"rbea_excerpt_info":"ATEN\u00c7\u00c3O:\u00a0 Devido \u00e0s condi\u00e7\u00f5es clim\u00e1ticas, o Passeio de Cicloturismo entre Curitiba e Antonina foi transferido para o dia 14 de Julho. Maiores informa\u00e7\u00f5es no decorrer da semana.","category_list":"<a href=\"https:\/\/ciclovida.ufpr.br\/?cat=1\" rel=\"category\">Not\u00edcias<\/a>","comments_num":"0 comments","uagb_featured_image_src":{"full":false,"thumbnail":false,"medium":false,"medium_large":false,"large":false,"1536x1536":false,"2048x2048":false,"post-thumbnail":false,"twentytwenty-fullscreen":false},"uagb_author_info":{"display_name":"paulabianchi","author_link":"https:\/\/ciclovida.ufpr.br\/?author=5"},"uagb_comment_info":0,"uagb_excerpt":"ATEN\u00c7\u00c3O:\u00a0 Devido \u00e0s condi\u00e7\u00f5es clim\u00e1ticas, o Passeio de Cicloturismo entre Curitiba e Antonina foi transferido para o dia 14 de Julho. Maiores informa\u00e7\u00f5es no decorrer da semana.","wps_subtitle":"","_links":{"self":[{"href":"https:\/\/ciclovida.ufpr.br\/index.php?rest_route=\/wp\/v2\/posts\/834","targetHints":{"allow":["GET"]}}],"collection":[{"href":"https:\/\/ciclovida.ufpr.br\/index.php?rest_route=\/wp\/v2\/posts"}],"about":[{"href":"https:\/\/ciclovida.ufpr.br\/index.php?rest_route=\/wp\/v2\/types\/post"}],"author":[{"embeddable":true,"href":"https:\/\/ciclovida.ufpr.br\/index.php?rest_route=\/wp\/v2\/users\/5"}],"replies":[{"embeddable":true,"href":"https:\/\/ciclovida.ufpr.br\/index.php?rest_route=%2Fwp%2Fv2%2Fcomments&post=834"}],"version-history":[{"count":6,"href":"https:\/\/ciclovida.ufpr.br\/index.php?rest_route=\/wp\/v2\/posts\/834\/revisions"}],"predecessor-version":[{"id":902,"href":"https:\/\/ciclovida.ufpr.br\/index.php?rest_route=\/wp\/v2\/posts\/834\/revisions\/902"}],"wp:attachment":[{"href":"https:\/\/ciclovida.ufpr.br\/index.php?rest_route=%2Fwp%2Fv2%2Fmedia&parent=834"}],"wp:term":[{"taxonomy":"category","embeddable":true,"href":"https:\/\/ciclovida.ufpr.br\/index.php?rest_route=%2Fwp%2Fv2%2Fcategories&post=834"},{"taxonomy":"post_tag","embeddable":true,"href":"https:\/\/ciclovida.ufpr.br\/index.php?rest_route=%2Fwp%2Fv2%2Ftags&post=834"}],"curies":[{"name":"wp","href":"https:\/\/api.w.org\/{rel}","templated":true}]}}