{"id":802,"date":"2012-06-26T12:44:35","date_gmt":"2012-06-26T15:44:35","guid":{"rendered":"https:\/\/ciclovida.ufpr.br\/?p=802"},"modified":"2012-06-26T12:46:55","modified_gmt":"2012-06-26T15:46:55","slug":"detentos-pedalam-para-produzir-energia-eletrica-em-presidio-em-mg","status":"publish","type":"post","link":"https:\/\/ciclovida.ufpr.br\/?p=802","title":{"rendered":"Detentos pedalam para produzir energia el\u00e9trica em pres\u00eddio em MG"},"content":{"rendered":"<p>Publicado em <strong><a href=\"http:\/\/g1.globo.com\/jornal-nacional\/noticia\/2012\/06\/detentos-pedalam-para-produzir-energia-eletrica-em-presidio-em-mg.html\">Jornal Nacional<\/a><\/strong><\/p>\n<p><em>Em Santa Rita do Sapuca\u00ed, no sul de Minas, a ideia de um juiz transformou os presos de bom comportamento em produtores de energia el\u00e9trica.<\/em><\/p>\n<p>&nbsp;<\/p>\n<p>Em\u00a0<a href=\"http:\/\/g1.globo.com\/mg\/sul-de-minas\/cidade\/santa-rita-do-sapucai.html\">Santa Rita do Sapuca\u00ed<\/a>, no sul de Minas, a ideia de um juiz transformou os presos de bom comportamento em produtores de energia el\u00e9trica.<\/p>\n<p>As duas bicicletas ficam no p\u00e1tio do pres\u00eddio. Por correias, as pedaladas geram a energia que vai carregar duas baterias. No guid\u00e3o, um aparelho indica a hora de parar.<\/p>\n<p>O juiz da cidade, Jos\u00e9 Henrique Mallmann, conta que tirou a ideia da internet. Viu nas academias americanas. No pres\u00eddio, o projeto foi recebido com receio, mas depois ganhou a ades\u00e3o dos detentos. Outras oito bicicletas devem ser instaladas.<\/p>\n<p>\u201cControla um pouco da ociosidade, e a cada 16 horas pedaladas eles t\u00eam um dia a menos na pena\u201d, aponta o juiz.<\/p>\n<p>Depois de carregadas, as baterias s\u00e3o levadas at\u00e9 o centro da cidade. O resultado do esfor\u00e7o f\u00edsico dos presos aparece \u00e0 noite, quando parte de uma pra\u00e7a da cidade fica iluminada. Pedalando o dia inteiro, eles conseguem produzir energia para acender seis l\u00e2mpadas. Mas quando o pres\u00eddio tiver dez bicicletas funcionando, a\u00ed sim vai ter carga suficiente para iluminar toda a avenida.<\/p>\n<p>Pela lei, os presos n\u00e3o s\u00e3o obrigados a pedalar, mas se a dire\u00e7\u00e3o do pres\u00eddio deixar, tem preso que vai queimar energia o dia todo.<\/p>\n<p>\u201cEu estava barrigudinho, emagreci uns quatro quilos\u201d, revela um detento.<\/p>\n<p>Depois que as bicicletas foram instaladas, o clima no pres\u00eddio agora \u00e9 outro.<\/p>\n<p>\u201cEles est\u00e3o se sentido \u00fateis pedalando. Eles est\u00e3o ganhando remiss\u00e3o e produzindo energia, energia saud\u00e1vel. Hoje se fala muito em sustentabilidade\u201d, diz o diretor do pres\u00eddio, Gilson Rafael Silva.<\/p>\n<p>&nbsp;<\/p>\n","protected":false},"excerpt":{"rendered":"<p>Publicado em Jornal Nacional Em Santa Rita do Sapuca\u00ed, no sul de Minas, a ideia de um juiz transformou os presos de bom comportamento em produtores de energia el\u00e9trica. &nbsp; [&hellip;]<\/p>\n","protected":false},"author":5,"featured_media":0,"comment_status":"open","ping_status":"open","sticky":false,"template":"","format":"standard","meta":{"_uag_custom_page_level_css":"","ngg_post_thumbnail":0,"footnotes":""},"categories":[1],"tags":[],"class_list":["post-802","post","type-post","status-publish","format-standard","hentry","category-noticias"],"gutentor_comment":1,"featured_image_src":"","featured_image_src_square":false,"author_info":{"display_name":"paulabianchi","author_link":"https:\/\/ciclovida.ufpr.br\/?author=5"},"rbea_author_info":{"display_name":"paulabianchi","author_link":"https:\/\/ciclovida.ufpr.br\/?author=5"},"rbea_excerpt_info":"Publicado em Jornal Nacional Em Santa Rita do Sapuca\u00ed, no sul de Minas, a ideia de um juiz transformou os presos de bom comportamento em produtores de energia el\u00e9trica. &nbsp; [&hellip;]","category_list":"<a href=\"https:\/\/ciclovida.ufpr.br\/?cat=1\" rel=\"category\">Not\u00edcias<\/a>","comments_num":"0 comments","uagb_featured_image_src":{"full":false,"thumbnail":false,"medium":false,"medium_large":false,"large":false,"1536x1536":false,"2048x2048":false,"post-thumbnail":false,"twentytwenty-fullscreen":false},"uagb_author_info":{"display_name":"paulabianchi","author_link":"https:\/\/ciclovida.ufpr.br\/?author=5"},"uagb_comment_info":1,"uagb_excerpt":"Publicado em Jornal Nacional Em Santa Rita do Sapuca\u00ed, no sul de Minas, a ideia de um juiz transformou os presos de bom comportamento em produtores de energia el\u00e9trica. &nbsp; [&hellip;]","wps_subtitle":"","_links":{"self":[{"href":"https:\/\/ciclovida.ufpr.br\/index.php?rest_route=\/wp\/v2\/posts\/802","targetHints":{"allow":["GET"]}}],"collection":[{"href":"https:\/\/ciclovida.ufpr.br\/index.php?rest_route=\/wp\/v2\/posts"}],"about":[{"href":"https:\/\/ciclovida.ufpr.br\/index.php?rest_route=\/wp\/v2\/types\/post"}],"author":[{"embeddable":true,"href":"https:\/\/ciclovida.ufpr.br\/index.php?rest_route=\/wp\/v2\/users\/5"}],"replies":[{"embeddable":true,"href":"https:\/\/ciclovida.ufpr.br\/index.php?rest_route=%2Fwp%2Fv2%2Fcomments&post=802"}],"version-history":[{"count":5,"href":"https:\/\/ciclovida.ufpr.br\/index.php?rest_route=\/wp\/v2\/posts\/802\/revisions"}],"predecessor-version":[{"id":807,"href":"https:\/\/ciclovida.ufpr.br\/index.php?rest_route=\/wp\/v2\/posts\/802\/revisions\/807"}],"wp:attachment":[{"href":"https:\/\/ciclovida.ufpr.br\/index.php?rest_route=%2Fwp%2Fv2%2Fmedia&parent=802"}],"wp:term":[{"taxonomy":"category","embeddable":true,"href":"https:\/\/ciclovida.ufpr.br\/index.php?rest_route=%2Fwp%2Fv2%2Fcategories&post=802"},{"taxonomy":"post_tag","embeddable":true,"href":"https:\/\/ciclovida.ufpr.br\/index.php?rest_route=%2Fwp%2Fv2%2Ftags&post=802"}],"curies":[{"name":"wp","href":"https:\/\/api.w.org\/{rel}","templated":true}]}}