{"id":763,"date":"2012-06-03T23:48:39","date_gmt":"2012-06-04T02:48:39","guid":{"rendered":"https:\/\/ciclovida.ufpr.br\/?p=763"},"modified":"2012-06-03T23:53:01","modified_gmt":"2012-06-04T02:53:01","slug":"1o-forum-da-bicicleta-em-pinhais","status":"publish","type":"post","link":"https:\/\/ciclovida.ufpr.br\/?p=763","title":{"rendered":"1\u00ba F\u00f3rum da Bicicleta em Pinhais"},"content":{"rendered":"<p>O coordenador do Programa Ciclovida, Jos\u00e9 Carlos Belotto, participou do 1\u00ba F\u00f3rum Municipal de Bicicletas em Pinhais que ocorreu ontem (2) no Centro Cultural. Segundo a <a href=\"https:\/\/www.facebook.com\/profile.php?id=100003785712216\">p\u00e1gina do f\u00f3rum<\/a>\u00a0o evento foi um sucesso: &#8220;Uma aula sobre mobilidade e acessibilidade&#8221;.<\/p>\n<p>O objetivo do f\u00f3rum foi debater os problemas de mobilidade no munic\u00edpio e encontrar formas seguras para o uso da bicicleta como meio de transporte.<\/p>\n<p style=\"text-align: center;\"><a href=\"https:\/\/ciclovida.ufpr.br\/wp-content\/uploads\/2012\/06\/301739_138445666291623_100003785712216_163839_1364491522_n.jpg\"><img loading=\"lazy\" decoding=\"async\" class=\"aligncenter  wp-image-764\" title=\"301739_138445666291623_100003785712216_163839_1364491522_n\" src=\"https:\/\/ciclovida.ufpr.br\/wp-content\/uploads\/2012\/06\/301739_138445666291623_100003785712216_163839_1364491522_n.jpg\" alt=\"\" width=\"576\" height=\"432\" srcset=\"https:\/\/ciclovida.ufpr.br\/wp-content\/uploads\/2012\/06\/301739_138445666291623_100003785712216_163839_1364491522_n.jpg 720w, https:\/\/ciclovida.ufpr.br\/wp-content\/uploads\/2012\/06\/301739_138445666291623_100003785712216_163839_1364491522_n-300x225.jpg 300w\" sizes=\"auto, (max-width: 576px) 100vw, 576px\" \/><\/a><\/p>\n","protected":false},"excerpt":{"rendered":"<p>O coordenador do Programa Ciclovida, Jos\u00e9 Carlos Belotto, participou do 1\u00ba F\u00f3rum Municipal de Bicicletas em Pinhais que ocorreu ontem (2) no Centro Cultural. Segundo a p\u00e1gina do f\u00f3rum\u00a0o evento [&hellip;]<\/p>\n","protected":false},"author":2,"featured_media":0,"comment_status":"open","ping_status":"open","sticky":false,"template":"","format":"standard","meta":{"_uag_custom_page_level_css":"","ngg_post_thumbnail":0,"footnotes":""},"categories":[1],"tags":[],"class_list":["post-763","post","type-post","status-publish","format-standard","hentry","category-noticias"],"gutentor_comment":1,"featured_image_src":"","featured_image_src_square":false,"author_info":{"display_name":"Ciclovida","author_link":"https:\/\/ciclovida.ufpr.br\/?author=2"},"rbea_author_info":{"display_name":"Ciclovida","author_link":"https:\/\/ciclovida.ufpr.br\/?author=2"},"rbea_excerpt_info":"O coordenador do Programa Ciclovida, Jos\u00e9 Carlos Belotto, participou do 1\u00ba F\u00f3rum Municipal de Bicicletas em Pinhais que ocorreu ontem (2) no Centro Cultural. Segundo a p\u00e1gina do f\u00f3rum\u00a0o evento [&hellip;]","category_list":"<a href=\"https:\/\/ciclovida.ufpr.br\/?cat=1\" rel=\"category\">Not\u00edcias<\/a>","comments_num":"0 comments","uagb_featured_image_src":{"full":false,"thumbnail":false,"medium":false,"medium_large":false,"large":false,"1536x1536":false,"2048x2048":false,"post-thumbnail":false,"twentytwenty-fullscreen":false},"uagb_author_info":{"display_name":"Ciclovida","author_link":"https:\/\/ciclovida.ufpr.br\/?author=2"},"uagb_comment_info":1,"uagb_excerpt":"O coordenador do Programa Ciclovida, Jos\u00e9 Carlos Belotto, participou do 1\u00ba F\u00f3rum Municipal de Bicicletas em Pinhais que ocorreu ontem (2) no Centro Cultural. Segundo a p\u00e1gina do f\u00f3rum\u00a0o evento [&hellip;]","wps_subtitle":"","_links":{"self":[{"href":"https:\/\/ciclovida.ufpr.br\/index.php?rest_route=\/wp\/v2\/posts\/763","targetHints":{"allow":["GET"]}}],"collection":[{"href":"https:\/\/ciclovida.ufpr.br\/index.php?rest_route=\/wp\/v2\/posts"}],"about":[{"href":"https:\/\/ciclovida.ufpr.br\/index.php?rest_route=\/wp\/v2\/types\/post"}],"author":[{"embeddable":true,"href":"https:\/\/ciclovida.ufpr.br\/index.php?rest_route=\/wp\/v2\/users\/2"}],"replies":[{"embeddable":true,"href":"https:\/\/ciclovida.ufpr.br\/index.php?rest_route=%2Fwp%2Fv2%2Fcomments&post=763"}],"version-history":[{"count":7,"href":"https:\/\/ciclovida.ufpr.br\/index.php?rest_route=\/wp\/v2\/posts\/763\/revisions"}],"predecessor-version":[{"id":768,"href":"https:\/\/ciclovida.ufpr.br\/index.php?rest_route=\/wp\/v2\/posts\/763\/revisions\/768"}],"wp:attachment":[{"href":"https:\/\/ciclovida.ufpr.br\/index.php?rest_route=%2Fwp%2Fv2%2Fmedia&parent=763"}],"wp:term":[{"taxonomy":"category","embeddable":true,"href":"https:\/\/ciclovida.ufpr.br\/index.php?rest_route=%2Fwp%2Fv2%2Fcategories&post=763"},{"taxonomy":"post_tag","embeddable":true,"href":"https:\/\/ciclovida.ufpr.br\/index.php?rest_route=%2Fwp%2Fv2%2Ftags&post=763"}],"curies":[{"name":"wp","href":"https:\/\/api.w.org\/{rel}","templated":true}]}}