{"id":709,"date":"2012-05-21T12:21:16","date_gmt":"2012-05-21T15:21:16","guid":{"rendered":"https:\/\/ciclovida.ufpr.br\/?p=709"},"modified":"2012-05-22T09:12:38","modified_gmt":"2012-05-22T12:12:38","slug":"pedalada-dos-100-anos-encerrou-as-comemoracoes-do-mes-de-maio","status":"publish","type":"post","link":"https:\/\/ciclovida.ufpr.br\/?p=709","title":{"rendered":"Pedalada dos 100 anos encerrou as comemora\u00e7\u00f5es do m\u00eas de Maio"},"content":{"rendered":"<p>A Pedalada dos 100 aconteceu ontem (20), \u00e0s 10h da manh\u00e3. Compareceram ao evento aproximadamente 200 ciclistas \u00a0que sa\u00edram do pr\u00e9dio hist\u00f3rico da Universidade Federal do Paran\u00e1 (UFPR) e fizeram um percurso de aproximadamente 7 km passando por outros campi. A pedalada encerra as comemora\u00e7\u00f5es do centen\u00e1rio da universidade que aconteceram no m\u00eas de maio.\u00a0 Palestras sobre cultura e extens\u00e3o foram realizadas nos dias 18 e 19.<\/p>\n<p>As 9h os participantes come\u00e7aram a chegar para a concentra\u00e7\u00e3o e foram recepcionados por um carro de som, esse que conduziu os ciclistas durante todo o trajeto. As inscri\u00e7\u00f5es para o sorteio final tamb\u00e9m se iniciaram no mesmo hor\u00e1rio. Foram sorteados diversos itens para incrementar as bikes, al\u00e9m de dois jantares com acompanhante no Restaurante Tartaruga e duas bicicletas novinhas.<\/p>\n<p>O reitor da UFPR, Zack Akel Sobrinho e o vice reitor, Rog\u00e9rio Mulinare, compareceram com suas bikes e realizaram todo o percurso. O reitor tamb\u00e9m colaborou assinando um abaixo assinado a favor de um projeto que ser\u00e1 entregue para a prefeitura solicitando a liga\u00e7\u00e3o ciclovi\u00e1ria entre os campi Centro Polit\u00e9cnico e Jardim Bot\u00e2nico. A liga\u00e7\u00e3o deve ser integrada a malha de ciclovias j\u00e1 existente.<\/p>\n<p>O evento foi realizado pelo Programa Ciclovida, programa de extens\u00e3o da universidade sob coordena\u00e7\u00e3o de Jos\u00e9 Carlos Belotto, e contou com o apoio da Kuritbike, Bike Sul, Restaurante Tartaruga, Ag\u00eancia Bicicleta e Baron Bikes.<\/p>\n<p>(Fotos: Danilo Herek)<\/p>\n<p><a href=\"https:\/\/ciclovida.ufpr.br\/wp-content\/uploads\/2012\/05\/DSC01368.jpg\"><img loading=\"lazy\" decoding=\"async\" class=\"aligncenter size-medium wp-image-724\" title=\"_DSC01368\" src=\"https:\/\/ciclovida.ufpr.br\/wp-content\/uploads\/2012\/05\/DSC01368-199x300.jpg\" alt=\"\" width=\"199\" height=\"300\" srcset=\"https:\/\/ciclovida.ufpr.br\/wp-content\/uploads\/2012\/05\/DSC01368-199x300.jpg 199w, https:\/\/ciclovida.ufpr.br\/wp-content\/uploads\/2012\/05\/DSC01368-680x1024.jpg 680w, https:\/\/ciclovida.ufpr.br\/wp-content\/uploads\/2012\/05\/DSC01368.jpg 1424w\" sizes=\"auto, (max-width: 199px) 100vw, 199px\" \/><\/a><\/p>\n<p><a href=\"https:\/\/ciclovida.ufpr.br\/wp-content\/uploads\/2012\/05\/DSC01245.jpg\"><img loading=\"lazy\" decoding=\"async\" class=\"aligncenter size-medium wp-image-720\" title=\"_DSC01245\" src=\"https:\/\/ciclovida.ufpr.br\/wp-content\/uploads\/2012\/05\/DSC01245-199x300.jpg\" alt=\"\" width=\"199\" height=\"300\" srcset=\"https:\/\/ciclovida.ufpr.br\/wp-content\/uploads\/2012\/05\/DSC01245-199x300.jpg 199w, https:\/\/ciclovida.ufpr.br\/wp-content\/uploads\/2012\/05\/DSC01245-680x1024.jpg 680w, https:\/\/ciclovida.ufpr.br\/wp-content\/uploads\/2012\/05\/DSC01245.jpg 1424w\" sizes=\"auto, (max-width: 199px) 100vw, 199px\" \/><\/a><\/p>\n<p><a href=\"https:\/\/ciclovida.ufpr.br\/wp-content\/uploads\/2012\/05\/DSC0867.jpg\"><img loading=\"lazy\" decoding=\"async\" class=\"aligncenter size-medium wp-image-717\" title=\"_DSC0867\" src=\"https:\/\/ciclovida.ufpr.br\/wp-content\/uploads\/2012\/05\/DSC0867-199x300.jpg\" alt=\"\" width=\"199\" height=\"300\" srcset=\"https:\/\/ciclovida.ufpr.br\/wp-content\/uploads\/2012\/05\/DSC0867-199x300.jpg 199w, https:\/\/ciclovida.ufpr.br\/wp-content\/uploads\/2012\/05\/DSC0867-680x1024.jpg 680w, https:\/\/ciclovida.ufpr.br\/wp-content\/uploads\/2012\/05\/DSC0867.jpg 1424w\" sizes=\"auto, (max-width: 199px) 100vw, 199px\" \/><\/a><\/p>\n<p><a href=\"https:\/\/ciclovida.ufpr.br\/wp-content\/uploads\/2012\/05\/DSC0058.jpg\"><img loading=\"lazy\" decoding=\"async\" class=\"aligncenter size-medium wp-image-710\" title=\"_DSC0058\" src=\"https:\/\/ciclovida.ufpr.br\/wp-content\/uploads\/2012\/05\/DSC0058-300x199.jpg\" alt=\"\" width=\"300\" height=\"199\" srcset=\"https:\/\/ciclovida.ufpr.br\/wp-content\/uploads\/2012\/05\/DSC0058-300x199.jpg 300w, https:\/\/ciclovida.ufpr.br\/wp-content\/uploads\/2012\/05\/DSC0058-1024x680.jpg 1024w\" sizes=\"auto, (max-width: 300px) 100vw, 300px\" \/><\/a><a href=\"https:\/\/ciclovida.ufpr.br\/wp-content\/uploads\/2012\/05\/DSC01419.jpg\"><img loading=\"lazy\" decoding=\"async\" class=\"aligncenter size-medium wp-image-725\" title=\"_DSC01419\" src=\"https:\/\/ciclovida.ufpr.br\/wp-content\/uploads\/2012\/05\/DSC01419-300x199.jpg\" alt=\"\" width=\"300\" height=\"199\" srcset=\"https:\/\/ciclovida.ufpr.br\/wp-content\/uploads\/2012\/05\/DSC01419-300x199.jpg 300w, https:\/\/ciclovida.ufpr.br\/wp-content\/uploads\/2012\/05\/DSC01419-1024x680.jpg 1024w\" sizes=\"auto, (max-width: 300px) 100vw, 300px\" \/><\/a><a href=\"https:\/\/ciclovida.ufpr.br\/wp-content\/uploads\/2012\/05\/DSC01345.jpg\"><img loading=\"lazy\" decoding=\"async\" class=\"aligncenter size-medium wp-image-722\" title=\"_DSC01345\" src=\"https:\/\/ciclovida.ufpr.br\/wp-content\/uploads\/2012\/05\/DSC01345-300x199.jpg\" alt=\"\" width=\"300\" height=\"199\" srcset=\"https:\/\/ciclovida.ufpr.br\/wp-content\/uploads\/2012\/05\/DSC01345-300x199.jpg 300w, https:\/\/ciclovida.ufpr.br\/wp-content\/uploads\/2012\/05\/DSC01345-1024x680.jpg 1024w\" sizes=\"auto, (max-width: 300px) 100vw, 300px\" \/><\/a><a href=\"https:\/\/ciclovida.ufpr.br\/wp-content\/uploads\/2012\/05\/DSC01260.jpg\"><img loading=\"lazy\" decoding=\"async\" class=\"aligncenter size-medium wp-image-721\" title=\"_DSC01260\" src=\"https:\/\/ciclovida.ufpr.br\/wp-content\/uploads\/2012\/05\/DSC01260-300x199.jpg\" alt=\"\" width=\"300\" height=\"199\" srcset=\"https:\/\/ciclovida.ufpr.br\/wp-content\/uploads\/2012\/05\/DSC01260-300x199.jpg 300w, https:\/\/ciclovida.ufpr.br\/wp-content\/uploads\/2012\/05\/DSC01260-1024x680.jpg 1024w\" sizes=\"auto, (max-width: 300px) 100vw, 300px\" \/><\/a><a href=\"https:\/\/ciclovida.ufpr.br\/wp-content\/uploads\/2012\/05\/DSC01245.jpg\"><img loading=\"lazy\" decoding=\"async\" class=\"aligncenter size-medium wp-image-720\" title=\"_DSC01245\" src=\"https:\/\/ciclovida.ufpr.br\/wp-content\/uploads\/2012\/05\/DSC01245-199x300.jpg\" alt=\"\" width=\"199\" height=\"300\" srcset=\"https:\/\/ciclovida.ufpr.br\/wp-content\/uploads\/2012\/05\/DSC01245-199x300.jpg 199w, https:\/\/ciclovida.ufpr.br\/wp-content\/uploads\/2012\/05\/DSC01245-680x1024.jpg 680w, https:\/\/ciclovida.ufpr.br\/wp-content\/uploads\/2012\/05\/DSC01245.jpg 1424w\" sizes=\"auto, (max-width: 199px) 100vw, 199px\" \/><\/a><a href=\"https:\/\/ciclovida.ufpr.br\/wp-content\/uploads\/2012\/05\/DSC01158.jpg\"><img loading=\"lazy\" decoding=\"async\" class=\"aligncenter size-medium wp-image-719\" title=\"_DSC01158\" src=\"https:\/\/ciclovida.ufpr.br\/wp-content\/uploads\/2012\/05\/DSC01158-300x199.jpg\" alt=\"\" width=\"300\" height=\"199\" srcset=\"https:\/\/ciclovida.ufpr.br\/wp-content\/uploads\/2012\/05\/DSC01158-300x199.jpg 300w, https:\/\/ciclovida.ufpr.br\/wp-content\/uploads\/2012\/05\/DSC01158-1024x680.jpg 1024w\" sizes=\"auto, (max-width: 300px) 100vw, 300px\" \/><\/a><a href=\"https:\/\/ciclovida.ufpr.br\/wp-content\/uploads\/2012\/05\/DSC0966.jpg\"><img loading=\"lazy\" decoding=\"async\" class=\"aligncenter size-medium wp-image-718\" title=\"_DSC0966\" src=\"https:\/\/ciclovida.ufpr.br\/wp-content\/uploads\/2012\/05\/DSC0966-199x300.jpg\" alt=\"\" width=\"199\" height=\"300\" srcset=\"https:\/\/ciclovida.ufpr.br\/wp-content\/uploads\/2012\/05\/DSC0966-199x300.jpg 199w, https:\/\/ciclovida.ufpr.br\/wp-content\/uploads\/2012\/05\/DSC0966-680x1024.jpg 680w, https:\/\/ciclovida.ufpr.br\/wp-content\/uploads\/2012\/05\/DSC0966.jpg 1424w\" sizes=\"auto, (max-width: 199px) 100vw, 199px\" \/><\/a><a href=\"https:\/\/ciclovida.ufpr.br\/wp-content\/uploads\/2012\/05\/DSC0867.jpg\"><img loading=\"lazy\" decoding=\"async\" class=\"aligncenter size-medium wp-image-717\" title=\"_DSC0867\" src=\"https:\/\/ciclovida.ufpr.br\/wp-content\/uploads\/2012\/05\/DSC0867-199x300.jpg\" alt=\"\" width=\"199\" height=\"300\" srcset=\"https:\/\/ciclovida.ufpr.br\/wp-content\/uploads\/2012\/05\/DSC0867-199x300.jpg 199w, https:\/\/ciclovida.ufpr.br\/wp-content\/uploads\/2012\/05\/DSC0867-680x1024.jpg 680w, https:\/\/ciclovida.ufpr.br\/wp-content\/uploads\/2012\/05\/DSC0867.jpg 1424w\" sizes=\"auto, (max-width: 199px) 100vw, 199px\" \/><\/a><a href=\"https:\/\/ciclovida.ufpr.br\/wp-content\/uploads\/2012\/05\/DSC0543.jpg\"><img loading=\"lazy\" decoding=\"async\" class=\"aligncenter size-medium wp-image-716\" title=\"_DSC0543\" src=\"https:\/\/ciclovida.ufpr.br\/wp-content\/uploads\/2012\/05\/DSC0543-300x199.jpg\" alt=\"\" width=\"300\" height=\"199\" srcset=\"https:\/\/ciclovida.ufpr.br\/wp-content\/uploads\/2012\/05\/DSC0543-300x199.jpg 300w, https:\/\/ciclovida.ufpr.br\/wp-content\/uploads\/2012\/05\/DSC0543-1024x680.jpg 1024w\" sizes=\"auto, (max-width: 300px) 100vw, 300px\" \/><\/a><a href=\"https:\/\/ciclovida.ufpr.br\/wp-content\/uploads\/2012\/05\/DSC0461.jpg\"><img loading=\"lazy\" decoding=\"async\" class=\"aligncenter size-medium wp-image-715\" title=\"_DSC0461\" src=\"https:\/\/ciclovida.ufpr.br\/wp-content\/uploads\/2012\/05\/DSC0461-199x300.jpg\" alt=\"\" width=\"199\" height=\"300\" srcset=\"https:\/\/ciclovida.ufpr.br\/wp-content\/uploads\/2012\/05\/DSC0461-199x300.jpg 199w, https:\/\/ciclovida.ufpr.br\/wp-content\/uploads\/2012\/05\/DSC0461-680x1024.jpg 680w, https:\/\/ciclovida.ufpr.br\/wp-content\/uploads\/2012\/05\/DSC0461.jpg 1424w\" sizes=\"auto, (max-width: 199px) 100vw, 199px\" \/><\/a><a href=\"https:\/\/ciclovida.ufpr.br\/wp-content\/uploads\/2012\/05\/DSC0454.jpg\"><img loading=\"lazy\" decoding=\"async\" class=\"aligncenter size-medium wp-image-714\" title=\"_DSC0454\" src=\"https:\/\/ciclovida.ufpr.br\/wp-content\/uploads\/2012\/05\/DSC0454-300x199.jpg\" alt=\"\" width=\"300\" height=\"199\" srcset=\"https:\/\/ciclovida.ufpr.br\/wp-content\/uploads\/2012\/05\/DSC0454-300x199.jpg 300w, https:\/\/ciclovida.ufpr.br\/wp-content\/uploads\/2012\/05\/DSC0454-1024x680.jpg 1024w\" sizes=\"auto, (max-width: 300px) 100vw, 300px\" \/><\/a><a href=\"https:\/\/ciclovida.ufpr.br\/wp-content\/uploads\/2012\/05\/DSC0396.jpg\"><img loading=\"lazy\" decoding=\"async\" class=\"aligncenter size-medium wp-image-713\" title=\"_DSC0396\" src=\"https:\/\/ciclovida.ufpr.br\/wp-content\/uploads\/2012\/05\/DSC0396-300x199.jpg\" alt=\"\" width=\"300\" height=\"199\" srcset=\"https:\/\/ciclovida.ufpr.br\/wp-content\/uploads\/2012\/05\/DSC0396-300x199.jpg 300w, https:\/\/ciclovida.ufpr.br\/wp-content\/uploads\/2012\/05\/DSC0396-1024x680.jpg 1024w\" sizes=\"auto, (max-width: 300px) 100vw, 300px\" \/><\/a><a href=\"https:\/\/ciclovida.ufpr.br\/wp-content\/uploads\/2012\/05\/DSC0192.jpg\"><img loading=\"lazy\" decoding=\"async\" class=\"aligncenter size-medium wp-image-712\" title=\"_DSC0192\" src=\"https:\/\/ciclovida.ufpr.br\/wp-content\/uploads\/2012\/05\/DSC0192-199x300.jpg\" alt=\"\" width=\"199\" height=\"300\" srcset=\"https:\/\/ciclovida.ufpr.br\/wp-content\/uploads\/2012\/05\/DSC0192-199x300.jpg 199w, https:\/\/ciclovida.ufpr.br\/wp-content\/uploads\/2012\/05\/DSC0192-680x1024.jpg 680w, https:\/\/ciclovida.ufpr.br\/wp-content\/uploads\/2012\/05\/DSC0192.jpg 1424w\" sizes=\"auto, (max-width: 199px) 100vw, 199px\" \/><\/a><a href=\"https:\/\/ciclovida.ufpr.br\/wp-content\/uploads\/2012\/05\/DSC0083.jpg\"><img loading=\"lazy\" decoding=\"async\" class=\"aligncenter size-medium wp-image-711\" title=\"_DSC0083\" src=\"https:\/\/ciclovida.ufpr.br\/wp-content\/uploads\/2012\/05\/DSC0083-199x300.jpg\" alt=\"\" width=\"199\" height=\"300\" srcset=\"https:\/\/ciclovida.ufpr.br\/wp-content\/uploads\/2012\/05\/DSC0083-199x300.jpg 199w, https:\/\/ciclovida.ufpr.br\/wp-content\/uploads\/2012\/05\/DSC0083-680x1024.jpg 680w, https:\/\/ciclovida.ufpr.br\/wp-content\/uploads\/2012\/05\/DSC0083.jpg 1424w\" sizes=\"auto, (max-width: 199px) 100vw, 199px\" \/><\/a><a href=\"https:\/\/ciclovida.ufpr.br\/wp-content\/uploads\/2012\/05\/DSC0058.jpg\"><img loading=\"lazy\" decoding=\"async\" class=\"aligncenter size-medium wp-image-710\" title=\"_DSC0058\" src=\"https:\/\/ciclovida.ufpr.br\/wp-content\/uploads\/2012\/05\/DSC0058-300x199.jpg\" alt=\"\" width=\"300\" height=\"199\" srcset=\"https:\/\/ciclovida.ufpr.br\/wp-content\/uploads\/2012\/05\/DSC0058-300x199.jpg 300w, https:\/\/ciclovida.ufpr.br\/wp-content\/uploads\/2012\/05\/DSC0058-1024x680.jpg 1024w\" sizes=\"auto, (max-width: 300px) 100vw, 300px\" \/><\/a><\/p>\n","protected":false},"excerpt":{"rendered":"<p>A Pedalada dos 100 aconteceu ontem (20), \u00e0s 10h da manh\u00e3. Compareceram ao evento aproximadamente 200 ciclistas \u00a0que sa\u00edram do pr\u00e9dio hist\u00f3rico da Universidade Federal do Paran\u00e1 (UFPR) e fizeram [&hellip;]<\/p>\n","protected":false},"author":2,"featured_media":712,"comment_status":"open","ping_status":"open","sticky":false,"template":"","format":"gallery","meta":{"_uag_custom_page_level_css":"","ngg_post_thumbnail":0,"footnotes":""},"categories":[6],"tags":[],"class_list":["post-709","post","type-post","status-publish","format-gallery","has-post-thumbnail","hentry","category-eventos","post_format-post-format-gallery"],"gutentor_comment":3,"featured_image_src":"https:\/\/ciclovida.ufpr.br\/wp-content\/uploads\/2012\/05\/DSC0192.jpg","featured_image_src_square":"https:\/\/ciclovida.ufpr.br\/wp-content\/uploads\/2012\/05\/DSC0192.jpg","author_info":{"display_name":"Ciclovida","author_link":"https:\/\/ciclovida.ufpr.br\/?author=2"},"rbea_author_info":{"display_name":"Ciclovida","author_link":"https:\/\/ciclovida.ufpr.br\/?author=2"},"rbea_excerpt_info":"A Pedalada dos 100 aconteceu ontem (20), \u00e0s 10h da manh\u00e3. Compareceram ao evento aproximadamente 200 ciclistas \u00a0que sa\u00edram do pr\u00e9dio hist\u00f3rico da Universidade Federal do Paran\u00e1 (UFPR) e fizeram [&hellip;]","category_list":"<a href=\"https:\/\/ciclovida.ufpr.br\/?cat=6\" rel=\"category\">Eventos<\/a>","comments_num":"1 comment","uagb_featured_image_src":{"full":["https:\/\/ciclovida.ufpr.br\/wp-content\/uploads\/2012\/05\/DSC0192.jpg",1424,2144,false],"thumbnail":["https:\/\/ciclovida.ufpr.br\/wp-content\/uploads\/2012\/05\/DSC0192-100x100.jpg",100,100,true],"medium":["https:\/\/ciclovida.ufpr.br\/wp-content\/uploads\/2012\/05\/DSC0192-199x300.jpg",199,300,true],"medium_large":["https:\/\/ciclovida.ufpr.br\/wp-content\/uploads\/2012\/05\/DSC0192.jpg",580,873,false],"large":["https:\/\/ciclovida.ufpr.br\/wp-content\/uploads\/2012\/05\/DSC0192-680x1024.jpg",580,873,true],"1536x1536":["https:\/\/ciclovida.ufpr.br\/wp-content\/uploads\/2012\/05\/DSC0192.jpg",1020,1536,false],"2048x2048":["https:\/\/ciclovida.ufpr.br\/wp-content\/uploads\/2012\/05\/DSC0192.jpg",1360,2048,false],"post-thumbnail":["https:\/\/ciclovida.ufpr.br\/wp-content\/uploads\/2012\/05\/DSC0192.jpg",1200,1807,false],"twentytwenty-fullscreen":["https:\/\/ciclovida.ufpr.br\/wp-content\/uploads\/2012\/05\/DSC0192.jpg",1424,2144,false]},"uagb_author_info":{"display_name":"Ciclovida","author_link":"https:\/\/ciclovida.ufpr.br\/?author=2"},"uagb_comment_info":3,"uagb_excerpt":"A Pedalada dos 100 aconteceu ontem (20), \u00e0s 10h da manh\u00e3. Compareceram ao evento aproximadamente 200 ciclistas \u00a0que sa\u00edram do pr\u00e9dio hist\u00f3rico da Universidade Federal do Paran\u00e1 (UFPR) e fizeram [&hellip;]","wps_subtitle":"","_links":{"self":[{"href":"https:\/\/ciclovida.ufpr.br\/index.php?rest_route=\/wp\/v2\/posts\/709","targetHints":{"allow":["GET"]}}],"collection":[{"href":"https:\/\/ciclovida.ufpr.br\/index.php?rest_route=\/wp\/v2\/posts"}],"about":[{"href":"https:\/\/ciclovida.ufpr.br\/index.php?rest_route=\/wp\/v2\/types\/post"}],"author":[{"embeddable":true,"href":"https:\/\/ciclovida.ufpr.br\/index.php?rest_route=\/wp\/v2\/users\/2"}],"replies":[{"embeddable":true,"href":"https:\/\/ciclovida.ufpr.br\/index.php?rest_route=%2Fwp%2Fv2%2Fcomments&post=709"}],"version-history":[{"count":4,"href":"https:\/\/ciclovida.ufpr.br\/index.php?rest_route=\/wp\/v2\/posts\/709\/revisions"}],"predecessor-version":[{"id":731,"href":"https:\/\/ciclovida.ufpr.br\/index.php?rest_route=\/wp\/v2\/posts\/709\/revisions\/731"}],"wp:featuredmedia":[{"embeddable":true,"href":"https:\/\/ciclovida.ufpr.br\/index.php?rest_route=\/wp\/v2\/media\/712"}],"wp:attachment":[{"href":"https:\/\/ciclovida.ufpr.br\/index.php?rest_route=%2Fwp%2Fv2%2Fmedia&parent=709"}],"wp:term":[{"taxonomy":"category","embeddable":true,"href":"https:\/\/ciclovida.ufpr.br\/index.php?rest_route=%2Fwp%2Fv2%2Fcategories&post=709"},{"taxonomy":"post_tag","embeddable":true,"href":"https:\/\/ciclovida.ufpr.br\/index.php?rest_route=%2Fwp%2Fv2%2Ftags&post=709"}],"curies":[{"name":"wp","href":"https:\/\/api.w.org\/{rel}","templated":true}]}}