{"id":663,"date":"2012-05-09T13:00:02","date_gmt":"2012-05-09T16:00:02","guid":{"rendered":"https:\/\/ciclovida.ufpr.br\/?p=663"},"modified":"2012-05-09T13:25:08","modified_gmt":"2012-05-09T16:25:08","slug":"desinteresse-dos-jovens-por-carros-preocupa-montadora","status":"publish","type":"post","link":"https:\/\/ciclovida.ufpr.br\/?p=663","title":{"rendered":"Desinteresse dos jovens por carros preocupa montadora"},"content":{"rendered":"<p><em>A gera\u00e7\u00e3o entre 18 e 24 anos est\u00e1 se importando mais com os outros e com o mundo em que vivem<\/em><\/p>\n<p>&nbsp;<\/p>\n<p>Por <strong>Maria Fernanda Cavalcanti<\/strong> \u00a0&#8211; no <a href=\"http:\/\/http:\/\/www.mobilize.org.br\/noticias\/1838\/desinteresse-dos-jovens-por-carros-preocupa-montadora.html\">Mobilize<\/a><\/p>\n<p>Em recente\u00a0<a href=\"http:\/\/www.nytimes.com\/2012\/03\/23\/business\/media\/to-draw-reluctant-young-buyers-gm-turns-to-mtv.html?pagewanted=1&amp;_r=1#\" target=\"_blank\">artigo do The New York Times<\/a>, da jornalista Amy Chozick, \u00e9 mais uma prova de que os jovens mudaram. A gera\u00e7\u00e3o entre 18 e 24 anos est\u00e1 se importando mais com os outros e com o mundo em que vivem, superando antigos valores e necessidades de consumo que j\u00e1 n\u00e3o os convencem e, muito menos, os satisfazem.\u00a0Uma dessas mudan\u00e7as importantes est\u00e1 no modo com que os jovens se relacionam com a mobilidade.<\/p>\n<p>&nbsp;<\/p>\n<p>H\u00e1 poucas d\u00e9cadas, o carro representava o ideal de liberdade para muitas gera\u00e7\u00f5es. Hoje, com ruas congestionadas, doen\u00e7as respirat\u00f3rias e falta de espa\u00e7o para as pessoas nas cidades, os jovens se deram conta de que isso n\u00e3o tem nada a ver com ser livre, e passaram a valorizar meios de transporte mais limpos e acess\u00edveis, como bicicleta, \u00f4nibus e trajetos a p\u00e9. Al\u00e9m do mais, \u201choje Facebook, Twitter e mensagens de texto permitem que os adolescentes e jovens de 20 e poucos anos se conectem sem rodas. O pre\u00e7o alto da gasolina e as preocupa\u00e7\u00f5es ambientais n\u00e3o ajudam em nada\u201d, diz o artigo.<\/p>\n<p>&nbsp;<\/p>\n<figure id=\"attachment_670\" aria-describedby=\"caption-attachment-670\" style=\"width: 300px\" class=\"wp-caption alignleft\"><a href=\"https:\/\/ciclovida.ufpr.br\/wp-content\/uploads\/2012\/05\/bici1.jpg\"><img loading=\"lazy\" decoding=\"async\" class=\"size-full wp-image-670\" title=\"bici\" src=\"https:\/\/ciclovida.ufpr.br\/wp-content\/uploads\/2012\/05\/bici1.jpg\" alt=\"\" width=\"300\" height=\"179\" \/><\/a><figcaption id=\"caption-attachment-670\" class=\"wp-caption-text\">Foto: Fernando Weno<\/figcaption><\/figure>\n<p>Para entender esse movimento, o texto conta que a GM, uma das principais montadoras de autom\u00f3vel do mundo, pediu ajuda \u00e0\u00a0<a href=\"http:\/\/www.mtvscratch.com\/\" target=\"_blank\">MTV Scratch<\/a>, bra\u00e7o de pesquisa e relacionamento com jovens da emissora norte-americana. A ideia \u00e9 desenvolver estrat\u00e9gias adaptadas \u00e0 realidade dos carros e focadas no p\u00fablico jovem para reconquistar prest\u00edgio com o pessoal de 20 e poucos anos \u2013 p\u00fablico que tem poder de compra calculado em 170 bilh\u00f5es de d\u00f3lares, segundo a empresa de pesquisa de mercado comScore.<\/p>\n<p>&nbsp;<\/p>\n<p>Por\u00e9m, a situa\u00e7\u00e3o n\u00e3o parece ser revers\u00edvel. \u201cEm uma pesquisa realizada com 3 mil consumidores nascidos entre 1981 e 2000 \u2013 gera\u00e7\u00e3o chamada de \u2018millennials\u2019 \u2013 a Scratch perguntou quais eram as suas 31 marcas preferidas. Nenhuma marca de carro ficou entre as top 10, ficando bem abaixo de empresas como Google e Nike\u201d, diz o artigo. Al\u00e9m disso, 46% dos motoristas de 18 a 24 anos declararam que preferem acesso a Internet a ter um carro, segundo dados da ag\u00eancia Gartner, tamb\u00e9m citados no texto do NY Times.<\/p>\n<p>&nbsp;<\/p>\n<p>O que parece \u00e9 que os interesses e as preocupa\u00e7\u00f5es mudaram e as ag\u00eancia de publicidade est\u00e3o correndo para entend\u00ea-los e mold\u00e1-los, mais uma vez. S\u00f3 que, agora, com o poder da informa\u00e7\u00e3o na ponta dos dedos e o movimento da mudan\u00e7a nos pr\u00f3prios p\u00e9s fica bem mais dif\u00edcil acreditar que a nossa liberdade dependa de uma caixa met\u00e1lica que desagrega e polui a nossa cidade.<\/p>\n<p>&nbsp;<\/p>\n<p><strong>Jovens brasileiros preferem transporte p\u00fablico de qualidade<\/strong><\/p>\n<p>&nbsp;<\/p>\n<p>Essa tend\u00eancia de n\u00e3o-valoriza\u00e7\u00e3o do carro j\u00e1 foi apontada tamb\u00e9m pelos nossos jovens aqui no Brasil. A pesquisa\u00a0<a href=\"http:\/\/osonhobrasileiro.com.br\/\" target=\"_blank\">O Sonho Brasileiro<\/a>, produzida pela ag\u00eancia de pesquisa Box1824, questionou milhares de \u2018millenials\u2019 sobre sua rela\u00e7\u00e3o com o pa\u00eds e o que esperavam para o futuro. As respostas, que podem ser acessadas na \u00edntegra no site, mostram entusiasmo e vontade de transforma\u00e7\u00e3o, especialmente, frente aos desafios sociais e urbanos como falta de educa\u00e7\u00e3o e integra\u00e7\u00e3o.<\/p>\n<p>&nbsp;<\/p>\n<p>A problem\u00e1tica do transporte p\u00fablico se repete nos coment\u00e1rios dos internautas no site da pesquisa, que mant\u00e9m o espa\u00e7o virtual aberto para todos que quiserem deixar sua contribui\u00e7\u00e3o de desejo de mudan\u00e7a para o local em que vivem. A maioria das pessoas que opina enxerga o carro como um vil\u00e3o que polui e tira espa\u00e7o da cidade e acredita que a solu\u00e7\u00e3o est\u00e1 em investimento em transporte p\u00fablico\u00a0de qualidade.\u00a0Esse \u00e9 o desejo dos jovens brasileiros que tamb\u00e9m j\u00e1 mudaram e agora est\u00e3o sonhando, mas de olhos bem abertos para cuidar do mundo em que vivem.<\/p>\n","protected":false},"excerpt":{"rendered":"<p>A gera\u00e7\u00e3o entre 18 e 24 anos est\u00e1 se importando mais com os outros e com o mundo em que vivem &nbsp; Por Maria Fernanda Cavalcanti \u00a0&#8211; no Mobilize Em [&hellip;]<\/p>\n","protected":false},"author":2,"featured_media":670,"comment_status":"open","ping_status":"open","sticky":false,"template":"","format":"standard","meta":{"_uag_custom_page_level_css":"","ngg_post_thumbnail":0,"footnotes":""},"categories":[1],"tags":[],"class_list":["post-663","post","type-post","status-publish","format-standard","has-post-thumbnail","hentry","category-noticias"],"gutentor_comment":2,"featured_image_src":"https:\/\/ciclovida.ufpr.br\/wp-content\/uploads\/2012\/05\/bici1.jpg","featured_image_src_square":"https:\/\/ciclovida.ufpr.br\/wp-content\/uploads\/2012\/05\/bici1.jpg","author_info":{"display_name":"Ciclovida","author_link":"https:\/\/ciclovida.ufpr.br\/?author=2"},"rbea_author_info":{"display_name":"Ciclovida","author_link":"https:\/\/ciclovida.ufpr.br\/?author=2"},"rbea_excerpt_info":"A gera\u00e7\u00e3o entre 18 e 24 anos est\u00e1 se importando mais com os outros e com o mundo em que vivem &nbsp; Por Maria Fernanda Cavalcanti \u00a0&#8211; no Mobilize Em [&hellip;]","category_list":"<a href=\"https:\/\/ciclovida.ufpr.br\/?cat=1\" rel=\"category\">Not\u00edcias<\/a>","comments_num":"0 comments","uagb_featured_image_src":{"full":["https:\/\/ciclovida.ufpr.br\/wp-content\/uploads\/2012\/05\/bici1.jpg",300,179,false],"thumbnail":["https:\/\/ciclovida.ufpr.br\/wp-content\/uploads\/2012\/05\/bici1-100x100.jpg",100,100,true],"medium":["https:\/\/ciclovida.ufpr.br\/wp-content\/uploads\/2012\/05\/bici1.jpg",300,179,false],"medium_large":["https:\/\/ciclovida.ufpr.br\/wp-content\/uploads\/2012\/05\/bici1.jpg",300,179,false],"large":["https:\/\/ciclovida.ufpr.br\/wp-content\/uploads\/2012\/05\/bici1.jpg",300,179,false],"1536x1536":["https:\/\/ciclovida.ufpr.br\/wp-content\/uploads\/2012\/05\/bici1.jpg",300,179,false],"2048x2048":["https:\/\/ciclovida.ufpr.br\/wp-content\/uploads\/2012\/05\/bici1.jpg",300,179,false],"post-thumbnail":["https:\/\/ciclovida.ufpr.br\/wp-content\/uploads\/2012\/05\/bici1.jpg",300,179,false],"twentytwenty-fullscreen":["https:\/\/ciclovida.ufpr.br\/wp-content\/uploads\/2012\/05\/bici1.jpg",300,179,false]},"uagb_author_info":{"display_name":"Ciclovida","author_link":"https:\/\/ciclovida.ufpr.br\/?author=2"},"uagb_comment_info":2,"uagb_excerpt":"A gera\u00e7\u00e3o entre 18 e 24 anos est\u00e1 se importando mais com os outros e com o mundo em que vivem &nbsp; Por Maria Fernanda Cavalcanti \u00a0&#8211; no Mobilize Em [&hellip;]","wps_subtitle":"","_links":{"self":[{"href":"https:\/\/ciclovida.ufpr.br\/index.php?rest_route=\/wp\/v2\/posts\/663","targetHints":{"allow":["GET"]}}],"collection":[{"href":"https:\/\/ciclovida.ufpr.br\/index.php?rest_route=\/wp\/v2\/posts"}],"about":[{"href":"https:\/\/ciclovida.ufpr.br\/index.php?rest_route=\/wp\/v2\/types\/post"}],"author":[{"embeddable":true,"href":"https:\/\/ciclovida.ufpr.br\/index.php?rest_route=\/wp\/v2\/users\/2"}],"replies":[{"embeddable":true,"href":"https:\/\/ciclovida.ufpr.br\/index.php?rest_route=%2Fwp%2Fv2%2Fcomments&post=663"}],"version-history":[{"count":6,"href":"https:\/\/ciclovida.ufpr.br\/index.php?rest_route=\/wp\/v2\/posts\/663\/revisions"}],"predecessor-version":[{"id":669,"href":"https:\/\/ciclovida.ufpr.br\/index.php?rest_route=\/wp\/v2\/posts\/663\/revisions\/669"}],"wp:featuredmedia":[{"embeddable":true,"href":"https:\/\/ciclovida.ufpr.br\/index.php?rest_route=\/wp\/v2\/media\/670"}],"wp:attachment":[{"href":"https:\/\/ciclovida.ufpr.br\/index.php?rest_route=%2Fwp%2Fv2%2Fmedia&parent=663"}],"wp:term":[{"taxonomy":"category","embeddable":true,"href":"https:\/\/ciclovida.ufpr.br\/index.php?rest_route=%2Fwp%2Fv2%2Fcategories&post=663"},{"taxonomy":"post_tag","embeddable":true,"href":"https:\/\/ciclovida.ufpr.br\/index.php?rest_route=%2Fwp%2Fv2%2Ftags&post=663"}],"curies":[{"name":"wp","href":"https:\/\/api.w.org\/{rel}","templated":true}]}}