{"id":624,"date":"2012-05-04T19:21:27","date_gmt":"2012-05-04T22:21:27","guid":{"rendered":"https:\/\/ciclovida.ufpr.br\/?p=624"},"modified":"2012-05-07T00:06:01","modified_gmt":"2012-05-07T03:06:01","slug":"inauguracao-dos-paraciclos-2","status":"publish","type":"post","link":"https:\/\/ciclovida.ufpr.br\/?p=624","title":{"rendered":"Inaugura\u00e7\u00e3o dos Paraciclos"},"content":{"rendered":"<p>Autoridades da Universidade Federal do Paran\u00e1 compareceram para prestigiar a inagura\u00e7\u00e3o<\/p>\n<p>Por <strong>Paula Bianchi<\/strong><\/p>\n<figure id=\"attachment_644\" aria-describedby=\"caption-attachment-644\" style=\"width: 199px\" class=\"wp-caption aligncenter\"><a href=\"https:\/\/ciclovida.ufpr.br\/wp-content\/uploads\/2012\/05\/DSC06974.jpg\"><img loading=\"lazy\" decoding=\"async\" class=\"size-medium wp-image-644\" title=\"_DSC0697\" src=\"https:\/\/ciclovida.ufpr.br\/wp-content\/uploads\/2012\/05\/DSC06974-199x300.jpg\" alt=\"\" width=\"199\" height=\"300\" srcset=\"https:\/\/ciclovida.ufpr.br\/wp-content\/uploads\/2012\/05\/DSC06974-199x300.jpg 199w, https:\/\/ciclovida.ufpr.br\/wp-content\/uploads\/2012\/05\/DSC06974-679x1024.jpg 679w, https:\/\/ciclovida.ufpr.br\/wp-content\/uploads\/2012\/05\/DSC06974.jpg 683w\" sizes=\"auto, (max-width: 199px) 100vw, 199px\" \/><\/a><figcaption id=\"caption-attachment-644\" class=\"wp-caption-text\">(Foto: Danilo Herek)<\/figcaption><\/figure>\n<p>Aconteceu hoje (04) a inaugura\u00e7\u00e3o de 600 vagas em paraciclos que vem sendo implantados desde o come\u00e7o do ano na UFPR. O evento teve in\u00edcio as 10h em frente aos paraciclos da entrada \u00a0do campus Jardim Bot\u00e2nico e contou com a presen\u00e7a de autoridades da universidade como o\u00a0\u00a0Reitor Zaki Akel Sobrinho, pr\u00f3-reitor Paulo Roberto Rocha Kruger, a coordenadora do N\u00facleo de Psicologia do Tr\u00e2nsito Pof\u00aa Iara Thielen, a diretora do Setor\u00a0de Humanas Prof\u00aa Maria Tarcisa Bega\u00a0al\u00e9m \u00a0dos coordenadores do Programa Ciclovida, Jos\u00e9 Carlos Belotto , e do Projeto Motorista Legal, \u00c1lvaro Pereira de Souza. Antonio Miranda, diretor t\u00e9cnico da Associa\u00e7\u00e3o de Ciclistas do Alto Igua\u00e7u (CicloIgua\u00e7u), tamb\u00e9m foi apoiar o projeto.\u00a0O vereador Jonny Stica \u00a0e o Secretario Municipal de Tr\u00e2nsito Marcelo Araujo tamb\u00e9m compareceram.<\/p>\n<p>Os campi Jardim Bot\u00e2nico e Centro Polit\u00e9cnico contam, ao todo, com 36 pontos de paraciclos e dois pontos de carona solid\u00e1ria, esse que incentiva os alunos a darem carona para quem tamb\u00e9m estuda na universidade.<\/p>\n<p>&nbsp;<\/p>\n<figure id=\"attachment_643\" aria-describedby=\"caption-attachment-643\" style=\"width: 300px\" class=\"wp-caption aligncenter\"><a href=\"https:\/\/ciclovida.ufpr.br\/wp-content\/uploads\/2012\/05\/DSC04811.jpg\"><img loading=\"lazy\" decoding=\"async\" class=\"size-medium wp-image-643\" title=\"_DSC0481\" src=\"https:\/\/ciclovida.ufpr.br\/wp-content\/uploads\/2012\/05\/DSC04811-300x199.jpg\" alt=\"\" width=\"300\" height=\"199\" srcset=\"https:\/\/ciclovida.ufpr.br\/wp-content\/uploads\/2012\/05\/DSC04811-300x199.jpg 300w, https:\/\/ciclovida.ufpr.br\/wp-content\/uploads\/2012\/05\/DSC04811-1024x680.jpg 1024w, https:\/\/ciclovida.ufpr.br\/wp-content\/uploads\/2012\/05\/DSC04811.jpg 1029w\" sizes=\"auto, (max-width: 300px) 100vw, 300px\" \/><\/a><figcaption id=\"caption-attachment-643\" class=\"wp-caption-text\">(Foto: Danilo Herek)<\/figcaption><\/figure>\n<p>Ap\u00f3s a cerimonia de inaugura\u00e7\u00e3o, todos os presentes foram convidados a pedalar at\u00e9 os paraciclos instalado no campus Centro Polit\u00e9cnico. Quem estava sem bicicleta p\u00f4de utilizar algumas que foram disponibilizadas pelo Gustavo Carvalho, diretor da empresa\u00a0<a href=\"http:\/\/www.kuritbike.com\">Kuritbike<\/a>.<\/p>\n<figure id=\"attachment_634\" aria-describedby=\"caption-attachment-634\" style=\"width: 300px\" class=\"wp-caption aligncenter\"><a href=\"https:\/\/ciclovida.ufpr.br\/wp-content\/uploads\/2012\/05\/DSC0497.jpg\"><img loading=\"lazy\" decoding=\"async\" class=\"size-medium wp-image-634\" title=\"_DSC0497\" src=\"https:\/\/ciclovida.ufpr.br\/wp-content\/uploads\/2012\/05\/DSC0497-300x256.jpg\" alt=\"\" width=\"300\" height=\"256\" srcset=\"https:\/\/ciclovida.ufpr.br\/wp-content\/uploads\/2012\/05\/DSC0497-300x256.jpg 300w, https:\/\/ciclovida.ufpr.br\/wp-content\/uploads\/2012\/05\/DSC0497.jpg 643w\" sizes=\"auto, (max-width: 300px) 100vw, 300px\" \/><\/a><figcaption id=\"caption-attachment-634\" class=\"wp-caption-text\">(Foto: Danilo Herek)<\/figcaption><\/figure>\n<p>&nbsp;<\/p>\n<figure id=\"attachment_635\" aria-describedby=\"caption-attachment-635\" style=\"width: 199px\" class=\"wp-caption aligncenter\"><a href=\"https:\/\/ciclovida.ufpr.br\/wp-content\/uploads\/2012\/05\/DSC05341.jpg\"><img loading=\"lazy\" decoding=\"async\" class=\"size-medium wp-image-635\" title=\"_DSC0534\" src=\"https:\/\/ciclovida.ufpr.br\/wp-content\/uploads\/2012\/05\/DSC05341-199x300.jpg\" alt=\"\" width=\"199\" height=\"300\" srcset=\"https:\/\/ciclovida.ufpr.br\/wp-content\/uploads\/2012\/05\/DSC05341-199x300.jpg 199w, https:\/\/ciclovida.ufpr.br\/wp-content\/uploads\/2012\/05\/DSC05341-680x1024.jpg 680w, https:\/\/ciclovida.ufpr.br\/wp-content\/uploads\/2012\/05\/DSC05341.jpg 684w\" sizes=\"auto, (max-width: 199px) 100vw, 199px\" \/><\/a><figcaption id=\"caption-attachment-635\" class=\"wp-caption-text\">(Foto: Danilo Herek)<\/figcaption><\/figure>\n","protected":false},"excerpt":{"rendered":"<p>Autoridades da Universidade Federal do Paran\u00e1 compareceram para prestigiar a inagura\u00e7\u00e3o Por Paula Bianchi Aconteceu hoje (04) a inaugura\u00e7\u00e3o de 600 vagas em paraciclos que vem sendo implantados desde o [&hellip;]<\/p>\n","protected":false},"author":2,"featured_media":644,"comment_status":"open","ping_status":"open","sticky":false,"template":"","format":"standard","meta":{"_uag_custom_page_level_css":"","ngg_post_thumbnail":0,"footnotes":""},"categories":[6],"tags":[],"class_list":["post-624","post","type-post","status-publish","format-standard","has-post-thumbnail","hentry","category-eventos"],"gutentor_comment":0,"featured_image_src":"https:\/\/ciclovida.ufpr.br\/wp-content\/uploads\/2012\/05\/DSC06974.jpg","featured_image_src_square":"https:\/\/ciclovida.ufpr.br\/wp-content\/uploads\/2012\/05\/DSC06974.jpg","author_info":{"display_name":"Ciclovida","author_link":"https:\/\/ciclovida.ufpr.br\/?author=2"},"rbea_author_info":{"display_name":"Ciclovida","author_link":"https:\/\/ciclovida.ufpr.br\/?author=2"},"rbea_excerpt_info":"Autoridades da Universidade Federal do Paran\u00e1 compareceram para prestigiar a inagura\u00e7\u00e3o Por Paula Bianchi Aconteceu hoje (04) a inaugura\u00e7\u00e3o de 600 vagas em paraciclos que vem sendo implantados desde o [&hellip;]","category_list":"<a href=\"https:\/\/ciclovida.ufpr.br\/?cat=6\" rel=\"category\">Eventos<\/a>","comments_num":"0 comments","uagb_featured_image_src":{"full":["https:\/\/ciclovida.ufpr.br\/wp-content\/uploads\/2012\/05\/DSC06974.jpg",683,1029,false],"thumbnail":["https:\/\/ciclovida.ufpr.br\/wp-content\/uploads\/2012\/05\/DSC06974-100x100.jpg",100,100,true],"medium":["https:\/\/ciclovida.ufpr.br\/wp-content\/uploads\/2012\/05\/DSC06974-199x300.jpg",199,300,true],"medium_large":["https:\/\/ciclovida.ufpr.br\/wp-content\/uploads\/2012\/05\/DSC06974.jpg",580,874,false],"large":["https:\/\/ciclovida.ufpr.br\/wp-content\/uploads\/2012\/05\/DSC06974-679x1024.jpg",580,875,true],"1536x1536":["https:\/\/ciclovida.ufpr.br\/wp-content\/uploads\/2012\/05\/DSC06974.jpg",683,1029,false],"2048x2048":["https:\/\/ciclovida.ufpr.br\/wp-content\/uploads\/2012\/05\/DSC06974.jpg",683,1029,false],"post-thumbnail":["https:\/\/ciclovida.ufpr.br\/wp-content\/uploads\/2012\/05\/DSC06974.jpg",683,1029,false],"twentytwenty-fullscreen":["https:\/\/ciclovida.ufpr.br\/wp-content\/uploads\/2012\/05\/DSC06974.jpg",683,1029,false]},"uagb_author_info":{"display_name":"Ciclovida","author_link":"https:\/\/ciclovida.ufpr.br\/?author=2"},"uagb_comment_info":0,"uagb_excerpt":"Autoridades da Universidade Federal do Paran\u00e1 compareceram para prestigiar a inagura\u00e7\u00e3o Por Paula Bianchi Aconteceu hoje (04) a inaugura\u00e7\u00e3o de 600 vagas em paraciclos que vem sendo implantados desde o [&hellip;]","wps_subtitle":"","_links":{"self":[{"href":"https:\/\/ciclovida.ufpr.br\/index.php?rest_route=\/wp\/v2\/posts\/624","targetHints":{"allow":["GET"]}}],"collection":[{"href":"https:\/\/ciclovida.ufpr.br\/index.php?rest_route=\/wp\/v2\/posts"}],"about":[{"href":"https:\/\/ciclovida.ufpr.br\/index.php?rest_route=\/wp\/v2\/types\/post"}],"author":[{"embeddable":true,"href":"https:\/\/ciclovida.ufpr.br\/index.php?rest_route=\/wp\/v2\/users\/2"}],"replies":[{"embeddable":true,"href":"https:\/\/ciclovida.ufpr.br\/index.php?rest_route=%2Fwp%2Fv2%2Fcomments&post=624"}],"version-history":[{"count":19,"href":"https:\/\/ciclovida.ufpr.br\/index.php?rest_route=\/wp\/v2\/posts\/624\/revisions"}],"predecessor-version":[{"id":654,"href":"https:\/\/ciclovida.ufpr.br\/index.php?rest_route=\/wp\/v2\/posts\/624\/revisions\/654"}],"wp:featuredmedia":[{"embeddable":true,"href":"https:\/\/ciclovida.ufpr.br\/index.php?rest_route=\/wp\/v2\/media\/644"}],"wp:attachment":[{"href":"https:\/\/ciclovida.ufpr.br\/index.php?rest_route=%2Fwp%2Fv2%2Fmedia&parent=624"}],"wp:term":[{"taxonomy":"category","embeddable":true,"href":"https:\/\/ciclovida.ufpr.br\/index.php?rest_route=%2Fwp%2Fv2%2Fcategories&post=624"},{"taxonomy":"post_tag","embeddable":true,"href":"https:\/\/ciclovida.ufpr.br\/index.php?rest_route=%2Fwp%2Fv2%2Ftags&post=624"}],"curies":[{"name":"wp","href":"https:\/\/api.w.org\/{rel}","templated":true}]}}