{"id":592,"date":"2012-04-23T18:44:09","date_gmt":"2012-04-23T21:44:09","guid":{"rendered":"https:\/\/ciclovida.ufpr.br\/?p=592"},"modified":"2012-04-23T18:44:09","modified_gmt":"2012-04-23T21:44:09","slug":"comite-paranaense-para-o-rio20","status":"publish","type":"post","link":"https:\/\/ciclovida.ufpr.br\/?p=592","title":{"rendered":"Comit\u00ea Paranaense para o Rio+20"},"content":{"rendered":"<p>A reuni\u00e3o aconteceu em Curitiba ap\u00f3s j\u00e1 ter passado por nove cidades paranaenses<\/p>\n<p>&nbsp;<\/p>\n<p>Por <strong>Paula Bianchi<\/strong><\/p>\n<p>Aconteceu nessa segunda-feira (24), no campus Reitoria da Universidade Federal do Paran\u00e1 (UFPR), \u00e0s 14h, a reuni\u00e3o do Comit\u00ea Paranaense para a Confer\u00eancia das Na\u00e7\u00f5es Unidas sobre Desenvolvimento Sustent\u00e1vel &#8211; Rio+20.<\/p>\n<p>A reuni\u00e3o teve como obejetivo formular e consolidar a posi\u00e7\u00e3o do Estado do Paran\u00e1 em rela\u00e7\u00e3o aos eixos que ser\u00e3o discutidos na Confer\u00eancia das Na\u00e7\u00f5es Unidas sobre desenvolvimento Sustent\u00e1vel \u2013 Rio+20, que acontecer\u00e1 na cidade do Rio de Janeiro entre os dias 13 e 22 de junho.<\/p>\n<p>A mesa foi composta por autoridades como: Luiz Malucelli Neto, presidente da Ambiental Paran\u00e1 Florestas; Eduardo Gobbi, representante da Secretaria Estadual do Meio Ambiente (SEMA-PR); Rog\u00e9rio Molin\u00e1ri, vice reitor da UFPR; Leny Mary G\u00f3es, representante da prefeitura de Curitiba e Isabela Brito, representante da Secretaria Municipal de Meio Ambiente de S\u00e3o Jos\u00e9 dos Pinhais. Quem comandou a reuni\u00e3o foi a coordenadora do f\u00f3rum da Agenda 21 do Paran\u00e1 Rosana Vicente Gnipper.<\/p>\n<p><a href=\"https:\/\/ciclovida.ufpr.br\/wp-content\/uploads\/2012\/04\/SAM_7027.jpg\"><img loading=\"lazy\" decoding=\"async\" class=\"alignleft size-full wp-image-593\" title=\"SAM_7027\" src=\"https:\/\/ciclovida.ufpr.br\/wp-content\/uploads\/2012\/04\/SAM_7027.jpg\" alt=\"\" width=\"614\" height=\"461\" srcset=\"https:\/\/ciclovida.ufpr.br\/wp-content\/uploads\/2012\/04\/SAM_7027.jpg 1024w, https:\/\/ciclovida.ufpr.br\/wp-content\/uploads\/2012\/04\/SAM_7027-300x225.jpg 300w\" sizes=\"auto, (max-width: 614px) 100vw, 614px\" \/><\/a><\/p>\n<p>&nbsp;<\/p>\n<p>&nbsp;<\/p>\n<p>&nbsp;<\/p>\n<p>&nbsp;<\/p>\n<p>&nbsp;<\/p>\n<p>&nbsp;<\/p>\n<p>&nbsp;<\/p>\n<p>&nbsp;<\/p>\n<p>&nbsp;<\/p>\n<p>&nbsp;<\/p>\n<p>&nbsp;<\/p>\n<p>&nbsp;<\/p>\n<p>&nbsp;<\/p>\n<p>&nbsp;<\/p>\n<p>&nbsp;<\/p>\n<p>&nbsp;<\/p>\n<p>&nbsp;<\/p>\n<p><strong>A reuni\u00e3o<\/strong><\/p>\n<p>Houve uma breve apresenta\u00e7\u00e3o dos temas a serem discutidos, entre eles os dois mais importantes que s\u00e3o \u201cEconomia Verde no contexto do desenvolvimento Sustent\u00e1vel e da erradica\u00e7\u00e3o da pobreza\u201d e \u201cGovernan\u00e7a Institucional para o Desenvolvimento Sustent\u00e1vel\u201d, e depois foi aberto o espa\u00e7o para que os presentes dessem suas contribui\u00e7\u00f5es. Foram discutidos desde assuntos sobre a qualidade da \u00e1gua, at\u00e9 mesmo sobre o n\u00famero de \u00e1rvores e meios de transporte utilizados na capital.<\/p>\n<p>No final da reuni\u00e3o foram colhidos os nomes dos interessados em participar do Comit\u00ea Regional Paranaense para a Confer\u00eancia das Na\u00e7\u00f5es Unidas sobre Desenvolvimento Sustent\u00e1vel &#8211; Rio+20, como aconteceu nas outras cidades por onde o comit\u00ca j\u00e1 havia passado.<\/p>\n<p>J\u00e1 \u00e9 a d\u00e9cima reuni\u00e3o do comit\u00ea em cidades paranaenses. Ele se dirige agora para a cidade Paranagu\u00e1 onde promover\u00e1 uma nova reuni\u00e3o dia 27.<\/p>\n<p><strong>Servi\u00e7o<\/strong><\/p>\n<p>O comit\u00ea est\u00e1 disponibilizando uma consulta p\u00fablica para entender como os cidad\u00e3os t\u00eam se comportado em rela\u00e7\u00e3o a um desenvolvimento sustent\u00e1vel e, principalmente, colher novas propostas. Ela est\u00e1 dispon\u00edvel atrav\u00e9s do link: <a href=\"http:\/\/www.meioambiente.pr.gov.br\/modules\/conteudo\/conteudo.php?conteudo=271\">http:\/\/www.meioambiente.pr.gov.br\/modules\/conteudo\/conteudo.php?conteudo=271<\/a>.<\/p>\n<p>&nbsp;<\/p>\n","protected":false},"excerpt":{"rendered":"<p>A reuni\u00e3o aconteceu em Curitiba ap\u00f3s j\u00e1 ter passado por nove cidades paranaenses &nbsp; Por Paula Bianchi Aconteceu nessa segunda-feira (24), no campus Reitoria da Universidade Federal do Paran\u00e1 (UFPR), [&hellip;]<\/p>\n","protected":false},"author":2,"featured_media":0,"comment_status":"open","ping_status":"open","sticky":false,"template":"","format":"standard","meta":{"_uag_custom_page_level_css":"","ngg_post_thumbnail":0,"footnotes":""},"categories":[1],"tags":[],"class_list":["post-592","post","type-post","status-publish","format-standard","hentry","category-noticias"],"gutentor_comment":1,"featured_image_src":"","featured_image_src_square":false,"author_info":{"display_name":"Ciclovida","author_link":"https:\/\/ciclovida.ufpr.br\/?author=2"},"rbea_author_info":{"display_name":"Ciclovida","author_link":"https:\/\/ciclovida.ufpr.br\/?author=2"},"rbea_excerpt_info":"A reuni\u00e3o aconteceu em Curitiba ap\u00f3s j\u00e1 ter passado por nove cidades paranaenses &nbsp; Por Paula Bianchi Aconteceu nessa segunda-feira (24), no campus Reitoria da Universidade Federal do Paran\u00e1 (UFPR), [&hellip;]","category_list":"<a href=\"https:\/\/ciclovida.ufpr.br\/?cat=1\" rel=\"category\">Not\u00edcias<\/a>","comments_num":"0 comments","uagb_featured_image_src":{"full":false,"thumbnail":false,"medium":false,"medium_large":false,"large":false,"1536x1536":false,"2048x2048":false,"post-thumbnail":false,"twentytwenty-fullscreen":false},"uagb_author_info":{"display_name":"Ciclovida","author_link":"https:\/\/ciclovida.ufpr.br\/?author=2"},"uagb_comment_info":1,"uagb_excerpt":"A reuni\u00e3o aconteceu em Curitiba ap\u00f3s j\u00e1 ter passado por nove cidades paranaenses &nbsp; Por Paula Bianchi Aconteceu nessa segunda-feira (24), no campus Reitoria da Universidade Federal do Paran\u00e1 (UFPR), [&hellip;]","wps_subtitle":"","_links":{"self":[{"href":"https:\/\/ciclovida.ufpr.br\/index.php?rest_route=\/wp\/v2\/posts\/592","targetHints":{"allow":["GET"]}}],"collection":[{"href":"https:\/\/ciclovida.ufpr.br\/index.php?rest_route=\/wp\/v2\/posts"}],"about":[{"href":"https:\/\/ciclovida.ufpr.br\/index.php?rest_route=\/wp\/v2\/types\/post"}],"author":[{"embeddable":true,"href":"https:\/\/ciclovida.ufpr.br\/index.php?rest_route=\/wp\/v2\/users\/2"}],"replies":[{"embeddable":true,"href":"https:\/\/ciclovida.ufpr.br\/index.php?rest_route=%2Fwp%2Fv2%2Fcomments&post=592"}],"version-history":[{"count":7,"href":"https:\/\/ciclovida.ufpr.br\/index.php?rest_route=\/wp\/v2\/posts\/592\/revisions"}],"predecessor-version":[{"id":600,"href":"https:\/\/ciclovida.ufpr.br\/index.php?rest_route=\/wp\/v2\/posts\/592\/revisions\/600"}],"wp:attachment":[{"href":"https:\/\/ciclovida.ufpr.br\/index.php?rest_route=%2Fwp%2Fv2%2Fmedia&parent=592"}],"wp:term":[{"taxonomy":"category","embeddable":true,"href":"https:\/\/ciclovida.ufpr.br\/index.php?rest_route=%2Fwp%2Fv2%2Fcategories&post=592"},{"taxonomy":"post_tag","embeddable":true,"href":"https:\/\/ciclovida.ufpr.br\/index.php?rest_route=%2Fwp%2Fv2%2Ftags&post=592"}],"curies":[{"name":"wp","href":"https:\/\/api.w.org\/{rel}","templated":true}]}}