{"id":553,"date":"2012-04-16T19:15:45","date_gmt":"2012-04-16T22:15:45","guid":{"rendered":"https:\/\/ciclovida.ufpr.br\/?p=553"},"modified":"2012-04-16T19:21:39","modified_gmt":"2012-04-16T22:21:39","slug":"aluguel-de-bicicletas-estara-disponivel-em-curitiba-a-partir-do-segundo-semestre-desse-ano","status":"publish","type":"post","link":"https:\/\/ciclovida.ufpr.br\/?p=553","title":{"rendered":"Aluguel de bicicletas estar\u00e1 dispon\u00edvel em Curitiba a partir do segundo semestre desse ano"},"content":{"rendered":"<p>Confira a mat\u00e9ria de Ariane Ducati sobre como funcionar\u00e1 o aluguel de bicicletas na capital.<\/p>\n<p><strong>Link:<\/strong>\u00a0<a title=\"G1\" href=\"http:\/\/glo.bo\/ISIm6U\">http:\/\/glo.bo\/ISIm6U<\/a><\/p>\n<p><strong>Site da empresa:<\/strong>\u00a0bicicletaria.net<\/p>\n<p>&nbsp;<\/p>\n<p><a href=\"https:\/\/ciclovida.ufpr.br\/wp-content\/uploads\/2012\/04\/aluguelbike1.jpg\"><img loading=\"lazy\" decoding=\"async\" class=\"size-full wp-image-557 \" title=\"aluguelbike\" src=\"https:\/\/ciclovida.ufpr.br\/wp-content\/uploads\/2012\/04\/aluguelbike1.jpg\" alt=\"\" width=\"620\" height=\"400\" srcset=\"https:\/\/ciclovida.ufpr.br\/wp-content\/uploads\/2012\/04\/aluguelbike1.jpg 620w, https:\/\/ciclovida.ufpr.br\/wp-content\/uploads\/2012\/04\/aluguelbike1-300x193.jpg 300w\" sizes=\"auto, (max-width: 620px) 100vw, 620px\" \/><\/a><\/p>\n<div class=\"mceTemp\">\n<dl id=\"attachment_557\" class=\"wp-caption alignnone\" style=\"width: 630px;\">\n<dd class=\"wp-caption-dd\">Como funcionar\u00e1 o aluguel (Fonte: bicicletaria.net)<\/dd>\n<\/dl>\n<\/div>\n<p><strong><br \/>\n<\/strong><\/p>\n","protected":false},"excerpt":{"rendered":"<p>Confira a mat\u00e9ria de Ariane Ducati sobre como funcionar\u00e1 o aluguel de bicicletas na capital. Link:\u00a0http:\/\/glo.bo\/ISIm6U Site da empresa:\u00a0bicicletaria.net &nbsp; Como funcionar\u00e1 o aluguel (Fonte: bicicletaria.net)<\/p>\n","protected":false},"author":2,"featured_media":0,"comment_status":"open","ping_status":"open","sticky":false,"template":"","format":"standard","meta":{"_uag_custom_page_level_css":"","ngg_post_thumbnail":0,"footnotes":""},"categories":[1],"tags":[],"class_list":["post-553","post","type-post","status-publish","format-standard","hentry","category-noticias"],"gutentor_comment":2,"featured_image_src":"","featured_image_src_square":false,"author_info":{"display_name":"Ciclovida","author_link":"https:\/\/ciclovida.ufpr.br\/?author=2"},"rbea_author_info":{"display_name":"Ciclovida","author_link":"https:\/\/ciclovida.ufpr.br\/?author=2"},"rbea_excerpt_info":"Confira a mat\u00e9ria de Ariane Ducati sobre como funcionar\u00e1 o aluguel de bicicletas na capital. Link:\u00a0http:\/\/glo.bo\/ISIm6U Site da empresa:\u00a0bicicletaria.net &nbsp; Como funcionar\u00e1 o aluguel (Fonte: bicicletaria.net)","category_list":"<a href=\"https:\/\/ciclovida.ufpr.br\/?cat=1\" rel=\"category\">Not\u00edcias<\/a>","comments_num":"0 comments","uagb_featured_image_src":{"full":false,"thumbnail":false,"medium":false,"medium_large":false,"large":false,"1536x1536":false,"2048x2048":false,"post-thumbnail":false,"twentytwenty-fullscreen":false},"uagb_author_info":{"display_name":"Ciclovida","author_link":"https:\/\/ciclovida.ufpr.br\/?author=2"},"uagb_comment_info":2,"uagb_excerpt":"Confira a mat\u00e9ria de Ariane Ducati sobre como funcionar\u00e1 o aluguel de bicicletas na capital. Link:\u00a0http:\/\/glo.bo\/ISIm6U Site da empresa:\u00a0bicicletaria.net &nbsp; Como funcionar\u00e1 o aluguel (Fonte: bicicletaria.net)","wps_subtitle":"","_links":{"self":[{"href":"https:\/\/ciclovida.ufpr.br\/index.php?rest_route=\/wp\/v2\/posts\/553","targetHints":{"allow":["GET"]}}],"collection":[{"href":"https:\/\/ciclovida.ufpr.br\/index.php?rest_route=\/wp\/v2\/posts"}],"about":[{"href":"https:\/\/ciclovida.ufpr.br\/index.php?rest_route=\/wp\/v2\/types\/post"}],"author":[{"embeddable":true,"href":"https:\/\/ciclovida.ufpr.br\/index.php?rest_route=\/wp\/v2\/users\/2"}],"replies":[{"embeddable":true,"href":"https:\/\/ciclovida.ufpr.br\/index.php?rest_route=%2Fwp%2Fv2%2Fcomments&post=553"}],"version-history":[{"count":11,"href":"https:\/\/ciclovida.ufpr.br\/index.php?rest_route=\/wp\/v2\/posts\/553\/revisions"}],"predecessor-version":[{"id":566,"href":"https:\/\/ciclovida.ufpr.br\/index.php?rest_route=\/wp\/v2\/posts\/553\/revisions\/566"}],"wp:attachment":[{"href":"https:\/\/ciclovida.ufpr.br\/index.php?rest_route=%2Fwp%2Fv2%2Fmedia&parent=553"}],"wp:term":[{"taxonomy":"category","embeddable":true,"href":"https:\/\/ciclovida.ufpr.br\/index.php?rest_route=%2Fwp%2Fv2%2Fcategories&post=553"},{"taxonomy":"post_tag","embeddable":true,"href":"https:\/\/ciclovida.ufpr.br\/index.php?rest_route=%2Fwp%2Fv2%2Ftags&post=553"}],"curies":[{"name":"wp","href":"https:\/\/api.w.org\/{rel}","templated":true}]}}