{"id":544,"date":"2012-04-10T16:25:50","date_gmt":"2012-04-10T19:25:50","guid":{"rendered":"https:\/\/ciclovida.ufpr.br\/?p=544"},"modified":"2012-04-17T16:17:59","modified_gmt":"2012-04-17T19:17:59","slug":"inauguracao-dos-paraciclos","status":"publish","type":"post","link":"https:\/\/ciclovida.ufpr.br\/?p=544","title":{"rendered":"Inaugura\u00e7\u00e3o dos Paraciclos"},"content":{"rendered":"<p>No pr\u00f3ximo dia <span style=\"color: #000000;\"><del>19 (quinta \u2013 feira)<\/del>\u00a004\/05 (sexta &#8211; feira) acontecer\u00e1<\/span> no Campus Jardim Bot\u00e2nico da Universidade Federal do Paran\u00e1 (UFPR) a inaugura\u00e7\u00e3o dos novos paraciclos que foram instalados esse ano. O evento ser\u00e1 as 10h da manh\u00e3, ao lado da entrada do principal campus.<\/p>\n<p>&nbsp;<\/p>\n<p>A instala\u00e7\u00e3o dos paraciclos est\u00e1 sendo terminada no campus Jardim Bot\u00e2nico e j\u00e1 est\u00e1 em andamento no campus do Centro Polit\u00e9cnico.<\/p>\n<p>&nbsp;<\/p>\n<p><strong>Servi\u00e7o<\/strong><\/p>\n<p>UFPR \u2013 Campus Jardim Bot\u00e2nico<\/p>\n<p>Av. Loth\u00e1rio Meissner, 632<\/p>\n<p>Hor\u00e1rio: 10 horas<\/p>\n","protected":false},"excerpt":{"rendered":"<p>No pr\u00f3ximo dia 19 (quinta \u2013 feira)\u00a004\/05 (sexta &#8211; feira) acontecer\u00e1 no Campus Jardim Bot\u00e2nico da Universidade Federal do Paran\u00e1 (UFPR) a inaugura\u00e7\u00e3o dos novos paraciclos que foram instalados esse [&hellip;]<\/p>\n","protected":false},"author":2,"featured_media":0,"comment_status":"open","ping_status":"open","sticky":false,"template":"","format":"standard","meta":{"_uag_custom_page_level_css":"","ngg_post_thumbnail":0,"footnotes":""},"categories":[6],"tags":[],"class_list":["post-544","post","type-post","status-publish","format-standard","hentry","category-eventos"],"gutentor_comment":1,"featured_image_src":"","featured_image_src_square":false,"author_info":{"display_name":"Ciclovida","author_link":"https:\/\/ciclovida.ufpr.br\/?author=2"},"rbea_author_info":{"display_name":"Ciclovida","author_link":"https:\/\/ciclovida.ufpr.br\/?author=2"},"rbea_excerpt_info":"No pr\u00f3ximo dia 19 (quinta \u2013 feira)\u00a004\/05 (sexta &#8211; feira) acontecer\u00e1 no Campus Jardim Bot\u00e2nico da Universidade Federal do Paran\u00e1 (UFPR) a inaugura\u00e7\u00e3o dos novos paraciclos que foram instalados esse [&hellip;]","category_list":"<a href=\"https:\/\/ciclovida.ufpr.br\/?cat=6\" rel=\"category\">Eventos<\/a>","comments_num":"0 comments","uagb_featured_image_src":{"full":false,"thumbnail":false,"medium":false,"medium_large":false,"large":false,"1536x1536":false,"2048x2048":false,"post-thumbnail":false,"twentytwenty-fullscreen":false},"uagb_author_info":{"display_name":"Ciclovida","author_link":"https:\/\/ciclovida.ufpr.br\/?author=2"},"uagb_comment_info":1,"uagb_excerpt":"No pr\u00f3ximo dia 19 (quinta \u2013 feira)\u00a004\/05 (sexta &#8211; feira) acontecer\u00e1 no Campus Jardim Bot\u00e2nico da Universidade Federal do Paran\u00e1 (UFPR) a inaugura\u00e7\u00e3o dos novos paraciclos que foram instalados esse [&hellip;]","wps_subtitle":"","_links":{"self":[{"href":"https:\/\/ciclovida.ufpr.br\/index.php?rest_route=\/wp\/v2\/posts\/544","targetHints":{"allow":["GET"]}}],"collection":[{"href":"https:\/\/ciclovida.ufpr.br\/index.php?rest_route=\/wp\/v2\/posts"}],"about":[{"href":"https:\/\/ciclovida.ufpr.br\/index.php?rest_route=\/wp\/v2\/types\/post"}],"author":[{"embeddable":true,"href":"https:\/\/ciclovida.ufpr.br\/index.php?rest_route=\/wp\/v2\/users\/2"}],"replies":[{"embeddable":true,"href":"https:\/\/ciclovida.ufpr.br\/index.php?rest_route=%2Fwp%2Fv2%2Fcomments&post=544"}],"version-history":[{"count":8,"href":"https:\/\/ciclovida.ufpr.br\/index.php?rest_route=\/wp\/v2\/posts\/544\/revisions"}],"predecessor-version":[{"id":571,"href":"https:\/\/ciclovida.ufpr.br\/index.php?rest_route=\/wp\/v2\/posts\/544\/revisions\/571"}],"wp:attachment":[{"href":"https:\/\/ciclovida.ufpr.br\/index.php?rest_route=%2Fwp%2Fv2%2Fmedia&parent=544"}],"wp:term":[{"taxonomy":"category","embeddable":true,"href":"https:\/\/ciclovida.ufpr.br\/index.php?rest_route=%2Fwp%2Fv2%2Fcategories&post=544"},{"taxonomy":"post_tag","embeddable":true,"href":"https:\/\/ciclovida.ufpr.br\/index.php?rest_route=%2Fwp%2Fv2%2Ftags&post=544"}],"curies":[{"name":"wp","href":"https:\/\/api.w.org\/{rel}","templated":true}]}}