{"id":540,"date":"2012-04-05T17:30:49","date_gmt":"2012-04-05T20:30:49","guid":{"rendered":"https:\/\/ciclovida.ufpr.br\/?p=540"},"modified":"2012-04-05T17:30:49","modified_gmt":"2012-04-05T20:30:49","slug":"materia-sobre-o-grupo-pedaloides","status":"publish","type":"post","link":"https:\/\/ciclovida.ufpr.br\/?p=540","title":{"rendered":"Mat\u00e9ria sobre o grupo Pedal\u00f3ides"},"content":{"rendered":"<p>Confira a mat\u00e9ria sobre o grupo Pedal\u00f3ides no site Curitiblog.<\/p>\n<p><a href=\"https:\/\/redacao2ufpr.wordpress.com\/2012\/04\/05\/pedaloides-incentiva-o-uso-de-bicicletas-na-capital-19\/\">https:\/\/redacao2ufpr.wordpress.com\/2012\/04\/05\/pedaloides-incentiva-o-uso-de-bicicletas-na-capital-19\/<\/a><\/p>\n<p>&nbsp;<\/p>\n","protected":false},"excerpt":{"rendered":"<p>Confira a mat\u00e9ria sobre o grupo Pedal\u00f3ides no site Curitiblog. https:\/\/redacao2ufpr.wordpress.com\/2012\/04\/05\/pedaloides-incentiva-o-uso-de-bicicletas-na-capital-19\/ &nbsp;<\/p>\n","protected":false},"author":2,"featured_media":0,"comment_status":"open","ping_status":"open","sticky":false,"template":"","format":"standard","meta":{"_uag_custom_page_level_css":"","ngg_post_thumbnail":0,"footnotes":""},"categories":[1],"tags":[],"class_list":["post-540","post","type-post","status-publish","format-standard","hentry","category-noticias"],"gutentor_comment":1,"featured_image_src":"","featured_image_src_square":false,"author_info":{"display_name":"Ciclovida","author_link":"https:\/\/ciclovida.ufpr.br\/?author=2"},"rbea_author_info":{"display_name":"Ciclovida","author_link":"https:\/\/ciclovida.ufpr.br\/?author=2"},"rbea_excerpt_info":"Confira a mat\u00e9ria sobre o grupo Pedal\u00f3ides no site Curitiblog. https:\/\/redacao2ufpr.wordpress.com\/2012\/04\/05\/pedaloides-incentiva-o-uso-de-bicicletas-na-capital-19\/ &nbsp;","category_list":"<a href=\"https:\/\/ciclovida.ufpr.br\/?cat=1\" rel=\"category\">Not\u00edcias<\/a>","comments_num":"0 comments","uagb_featured_image_src":{"full":false,"thumbnail":false,"medium":false,"medium_large":false,"large":false,"1536x1536":false,"2048x2048":false,"post-thumbnail":false,"twentytwenty-fullscreen":false},"uagb_author_info":{"display_name":"Ciclovida","author_link":"https:\/\/ciclovida.ufpr.br\/?author=2"},"uagb_comment_info":1,"uagb_excerpt":"Confira a mat\u00e9ria sobre o grupo Pedal\u00f3ides no site Curitiblog. https:\/\/redacao2ufpr.wordpress.com\/2012\/04\/05\/pedaloides-incentiva-o-uso-de-bicicletas-na-capital-19\/ &nbsp;","wps_subtitle":"","_links":{"self":[{"href":"https:\/\/ciclovida.ufpr.br\/index.php?rest_route=\/wp\/v2\/posts\/540","targetHints":{"allow":["GET"]}}],"collection":[{"href":"https:\/\/ciclovida.ufpr.br\/index.php?rest_route=\/wp\/v2\/posts"}],"about":[{"href":"https:\/\/ciclovida.ufpr.br\/index.php?rest_route=\/wp\/v2\/types\/post"}],"author":[{"embeddable":true,"href":"https:\/\/ciclovida.ufpr.br\/index.php?rest_route=\/wp\/v2\/users\/2"}],"replies":[{"embeddable":true,"href":"https:\/\/ciclovida.ufpr.br\/index.php?rest_route=%2Fwp%2Fv2%2Fcomments&post=540"}],"version-history":[{"count":2,"href":"https:\/\/ciclovida.ufpr.br\/index.php?rest_route=\/wp\/v2\/posts\/540\/revisions"}],"predecessor-version":[{"id":542,"href":"https:\/\/ciclovida.ufpr.br\/index.php?rest_route=\/wp\/v2\/posts\/540\/revisions\/542"}],"wp:attachment":[{"href":"https:\/\/ciclovida.ufpr.br\/index.php?rest_route=%2Fwp%2Fv2%2Fmedia&parent=540"}],"wp:term":[{"taxonomy":"category","embeddable":true,"href":"https:\/\/ciclovida.ufpr.br\/index.php?rest_route=%2Fwp%2Fv2%2Fcategories&post=540"},{"taxonomy":"post_tag","embeddable":true,"href":"https:\/\/ciclovida.ufpr.br\/index.php?rest_route=%2Fwp%2Fv2%2Ftags&post=540"}],"curies":[{"name":"wp","href":"https:\/\/api.w.org\/{rel}","templated":true}]}}