{"id":473,"date":"2011-10-13T11:48:03","date_gmt":"2011-10-13T14:48:03","guid":{"rendered":"https:\/\/ciclovida.ufpr.br\/?p=473"},"modified":"2011-11-10T09:28:56","modified_gmt":"2011-11-10T12:28:56","slug":"ciclovida-participa-do-bicirio-2011-seminario-internacional-de-mobilidade-por-bicicleta","status":"publish","type":"post","link":"https:\/\/ciclovida.ufpr.br\/?p=473","title":{"rendered":"Fotos &#8211; Ciclovida participou do BICIRIO 2011 : Semin\u00e1rio internacional de mobilidade por bicicleta"},"content":{"rendered":"<p>A cidade do Rio de Janeiro \u00e9 candidata a sediar em 2014 o VeloCity Global (evento mundial sobre mobilidade por bicicleta), para isto organizou um semin\u00e1rio em que foram apresentados diversos projetos de incentivo ao uso de bicicletas. O programa Ciclovida foi apresentado no painel <em>A\u00e7\u00f5es em dire\u00e7\u00e3o \u00e0 mobilidade por bicicleta &#8211; melhores pr\u00e1ticas<\/em> .<\/p>\n<div>\nngg_shortcode_0_placeholder\n<\/div>\n","protected":false},"excerpt":{"rendered":"<p>A cidade do Rio de Janeiro \u00e9 candidata a sediar em 2014 o VeloCity Global (evento mundial sobre mobilidade por bicicleta), para isto organizou um semin\u00e1rio em que foram apresentados [&hellip;]<\/p>\n","protected":false},"author":1,"featured_media":0,"comment_status":"open","ping_status":"open","sticky":false,"template":"","format":"standard","meta":{"_uag_custom_page_level_css":"","ngg_post_thumbnail":0,"footnotes":""},"categories":[1],"tags":[],"class_list":["post-473","post","type-post","status-publish","format-standard","hentry","category-noticias"],"gutentor_comment":3,"featured_image_src":"","featured_image_src_square":false,"author_info":{"display_name":"ciclovida","author_link":"https:\/\/ciclovida.ufpr.br\/?author=1"},"rbea_author_info":{"display_name":"ciclovida","author_link":"https:\/\/ciclovida.ufpr.br\/?author=1"},"rbea_excerpt_info":"A cidade do Rio de Janeiro \u00e9 candidata a sediar em 2014 o VeloCity Global (evento mundial sobre mobilidade por bicicleta), para isto organizou um semin\u00e1rio em que foram apresentados [&hellip;]","category_list":"<a href=\"https:\/\/ciclovida.ufpr.br\/?cat=1\" rel=\"category\">Not\u00edcias<\/a>","comments_num":"0 comments","uagb_featured_image_src":{"full":false,"thumbnail":false,"medium":false,"medium_large":false,"large":false,"1536x1536":false,"2048x2048":false,"post-thumbnail":false,"twentytwenty-fullscreen":false},"uagb_author_info":{"display_name":"ciclovida","author_link":"https:\/\/ciclovida.ufpr.br\/?author=1"},"uagb_comment_info":3,"uagb_excerpt":"A cidade do Rio de Janeiro \u00e9 candidata a sediar em 2014 o VeloCity Global (evento mundial sobre mobilidade por bicicleta), para isto organizou um semin\u00e1rio em que foram apresentados [&hellip;]","wps_subtitle":"","_links":{"self":[{"href":"https:\/\/ciclovida.ufpr.br\/index.php?rest_route=\/wp\/v2\/posts\/473","targetHints":{"allow":["GET"]}}],"collection":[{"href":"https:\/\/ciclovida.ufpr.br\/index.php?rest_route=\/wp\/v2\/posts"}],"about":[{"href":"https:\/\/ciclovida.ufpr.br\/index.php?rest_route=\/wp\/v2\/types\/post"}],"author":[{"embeddable":true,"href":"https:\/\/ciclovida.ufpr.br\/index.php?rest_route=\/wp\/v2\/users\/1"}],"replies":[{"embeddable":true,"href":"https:\/\/ciclovida.ufpr.br\/index.php?rest_route=%2Fwp%2Fv2%2Fcomments&post=473"}],"version-history":[{"count":9,"href":"https:\/\/ciclovida.ufpr.br\/index.php?rest_route=\/wp\/v2\/posts\/473\/revisions"}],"predecessor-version":[{"id":476,"href":"https:\/\/ciclovida.ufpr.br\/index.php?rest_route=\/wp\/v2\/posts\/473\/revisions\/476"}],"wp:attachment":[{"href":"https:\/\/ciclovida.ufpr.br\/index.php?rest_route=%2Fwp%2Fv2%2Fmedia&parent=473"}],"wp:term":[{"taxonomy":"category","embeddable":true,"href":"https:\/\/ciclovida.ufpr.br\/index.php?rest_route=%2Fwp%2Fv2%2Fcategories&post=473"},{"taxonomy":"post_tag","embeddable":true,"href":"https:\/\/ciclovida.ufpr.br\/index.php?rest_route=%2Fwp%2Fv2%2Ftags&post=473"}],"curies":[{"name":"wp","href":"https:\/\/api.w.org\/{rel}","templated":true}]}}