{"id":458,"date":"2011-09-23T10:14:34","date_gmt":"2011-09-23T13:14:34","guid":{"rendered":"https:\/\/ciclovida.ufpr.br\/?p=458"},"modified":"2011-09-23T10:14:34","modified_gmt":"2011-09-23T13:14:34","slug":"marcha-das-1000-bicicletas","status":"publish","type":"post","link":"https:\/\/ciclovida.ufpr.br\/?p=458","title":{"rendered":"Marcha das 1000 bicicletas"},"content":{"rendered":"<p style=\"text-align: justify;\">Mais uma vez os ciclistas de Curitiba fizeram da pra\u00e7a Santos Andrade o local de concentra\u00e7\u00e3o para a Marcha das 1000 Bicicletas. Ocupando quase toda a pra\u00e7a e tamb\u00e9m as escadarias do pr\u00e9dio hist\u00f3rico da UFPR, os defensores do meio de transporte mais sustent\u00e1vel (segundo a ONU) come\u00e7aram a se reunir em torno das 17 horas e, quando faltava alguns minutos para as 19 horas, sa\u00edram pedalando pelas principais ruas da capital.<\/p>\n<p style=\"text-align: justify;\">O clima agrad\u00e1vel e a grande movimenta\u00e7\u00e3o nas redes sociais contribu\u00edram para o sucesso do evento. N\u00e3o dispomos de estat\u00edsticas oficiais, mas o contingente de bicicletas era algo superior \u00e0s 1000 Bicicletas anunciadas no t\u00edtulo da Marcha.<\/p>\n<p style=\"text-align: justify;\">Al\u00e9m de estar em comunh\u00e3o com o Dia Mundial Sem Carro, a Marcha das 1000 Bicicletas tem por objetivo, despertar nas pessoas a reflex\u00e3o sobre temas relacionados \u00e0 Mobilidade Urbana e, principalmente, como, de que forma e porque a bicicleta precisa receber uma aten\u00e7\u00e3o especial. N\u00e3o polui, n\u00e3o ocupa muito espa\u00e7o e ainda \u00e9 uma pr\u00e1tica que traz benef\u00edcios \u00e0 sa\u00fade.<\/p>\n<p style=\"text-align: justify;\">O programa Ciclovida da UFPR estava presente e representado por v\u00e1rios de seus integrantes na Marcha, al\u00e9m \u00e9 claro de uma grande quantidade de estudantes, servidores t\u00e9cnicos e docentes da Universidade. Cada vez mais a consci\u00eancia e a vis\u00e3o acad\u00eamica de nossa comunidade, vem trazendo do campo dos conceitos para o cotidiano as atitudes que tem um papel transformador em nossa sociedade, e o uso da bicicleta \u00e9 uma delas.<\/p>\n","protected":false},"excerpt":{"rendered":"<p>Mais uma vez os ciclistas de Curitiba fizeram da pra\u00e7a Santos Andrade o local de concentra\u00e7\u00e3o para a Marcha das 1000 Bicicletas. Ocupando quase toda a pra\u00e7a e tamb\u00e9m as [&hellip;]<\/p>\n","protected":false},"author":1,"featured_media":0,"comment_status":"open","ping_status":"open","sticky":false,"template":"","format":"standard","meta":{"_uag_custom_page_level_css":"","ngg_post_thumbnail":0,"footnotes":""},"categories":[6],"tags":[],"class_list":["post-458","post","type-post","status-publish","format-standard","hentry","category-eventos"],"gutentor_comment":1,"featured_image_src":"","featured_image_src_square":false,"author_info":{"display_name":"ciclovida","author_link":"https:\/\/ciclovida.ufpr.br\/?author=1"},"rbea_author_info":{"display_name":"ciclovida","author_link":"https:\/\/ciclovida.ufpr.br\/?author=1"},"rbea_excerpt_info":"Mais uma vez os ciclistas de Curitiba fizeram da pra\u00e7a Santos Andrade o local de concentra\u00e7\u00e3o para a Marcha das 1000 Bicicletas. Ocupando quase toda a pra\u00e7a e tamb\u00e9m as [&hellip;]","category_list":"<a href=\"https:\/\/ciclovida.ufpr.br\/?cat=6\" rel=\"category\">Eventos<\/a>","comments_num":"0 comments","uagb_featured_image_src":{"full":false,"thumbnail":false,"medium":false,"medium_large":false,"large":false,"1536x1536":false,"2048x2048":false,"post-thumbnail":false,"twentytwenty-fullscreen":false},"uagb_author_info":{"display_name":"ciclovida","author_link":"https:\/\/ciclovida.ufpr.br\/?author=1"},"uagb_comment_info":1,"uagb_excerpt":"Mais uma vez os ciclistas de Curitiba fizeram da pra\u00e7a Santos Andrade o local de concentra\u00e7\u00e3o para a Marcha das 1000 Bicicletas. Ocupando quase toda a pra\u00e7a e tamb\u00e9m as [&hellip;]","wps_subtitle":"","_links":{"self":[{"href":"https:\/\/ciclovida.ufpr.br\/index.php?rest_route=\/wp\/v2\/posts\/458","targetHints":{"allow":["GET"]}}],"collection":[{"href":"https:\/\/ciclovida.ufpr.br\/index.php?rest_route=\/wp\/v2\/posts"}],"about":[{"href":"https:\/\/ciclovida.ufpr.br\/index.php?rest_route=\/wp\/v2\/types\/post"}],"author":[{"embeddable":true,"href":"https:\/\/ciclovida.ufpr.br\/index.php?rest_route=\/wp\/v2\/users\/1"}],"replies":[{"embeddable":true,"href":"https:\/\/ciclovida.ufpr.br\/index.php?rest_route=%2Fwp%2Fv2%2Fcomments&post=458"}],"version-history":[{"count":2,"href":"https:\/\/ciclovida.ufpr.br\/index.php?rest_route=\/wp\/v2\/posts\/458\/revisions"}],"predecessor-version":[{"id":460,"href":"https:\/\/ciclovida.ufpr.br\/index.php?rest_route=\/wp\/v2\/posts\/458\/revisions\/460"}],"wp:attachment":[{"href":"https:\/\/ciclovida.ufpr.br\/index.php?rest_route=%2Fwp%2Fv2%2Fmedia&parent=458"}],"wp:term":[{"taxonomy":"category","embeddable":true,"href":"https:\/\/ciclovida.ufpr.br\/index.php?rest_route=%2Fwp%2Fv2%2Fcategories&post=458"},{"taxonomy":"post_tag","embeddable":true,"href":"https:\/\/ciclovida.ufpr.br\/index.php?rest_route=%2Fwp%2Fv2%2Ftags&post=458"}],"curies":[{"name":"wp","href":"https:\/\/api.w.org\/{rel}","templated":true}]}}