{"id":4479,"date":"2020-10-28T14:17:25","date_gmt":"2020-10-28T17:17:25","guid":{"rendered":"https:\/\/ciclovida.ufpr.br\/?p=4479"},"modified":"2020-10-28T19:42:20","modified_gmt":"2020-10-28T22:42:20","slug":"10o-desafio-intermodal","status":"publish","type":"post","link":"https:\/\/ciclovida.ufpr.br\/?p=4479","title":{"rendered":"10\u00ba Desafio Intermodal"},"content":{"rendered":"","protected":false},"excerpt":{"rendered":"<p>Informa\u00e7\u00e3o complementar ao t\u00edtulo deste pr\u00f3ximo evento.<\/p>\n","protected":false},"author":109,"featured_media":0,"comment_status":"open","ping_status":"open","sticky":false,"template":"","format":"standard","meta":{"_uag_custom_page_level_css":"","ngg_post_thumbnail":0,"footnotes":""},"categories":[30],"tags":[],"class_list":["post-4479","post","type-post","status-publish","format-standard","hentry","category-proximos-eventos"],"gutentor_comment":0,"featured_image_src":"","featured_image_src_square":false,"author_info":{"display_name":"Guilherme Mende","author_link":"https:\/\/ciclovida.ufpr.br\/?author=109"},"rbea_author_info":{"display_name":"Guilherme Mende","author_link":"https:\/\/ciclovida.ufpr.br\/?author=109"},"rbea_excerpt_info":"Informa\u00e7\u00e3o complementar ao t\u00edtulo deste pr\u00f3ximo evento.","category_list":"<a href=\"https:\/\/ciclovida.ufpr.br\/?cat=30\" rel=\"category\">Pr\u00f3ximos eventos<\/a>","comments_num":"0 comments","uagb_featured_image_src":{"full":false,"thumbnail":false,"medium":false,"medium_large":false,"large":false,"1536x1536":false,"2048x2048":false,"post-thumbnail":false,"twentytwenty-fullscreen":false},"uagb_author_info":{"display_name":"Guilherme Mende","author_link":"https:\/\/ciclovida.ufpr.br\/?author=109"},"uagb_comment_info":0,"uagb_excerpt":"Informa\u00e7\u00e3o complementar ao t\u00edtulo deste pr\u00f3ximo evento.","wps_subtitle":"10 JUN","_links":{"self":[{"href":"https:\/\/ciclovida.ufpr.br\/index.php?rest_route=\/wp\/v2\/posts\/4479","targetHints":{"allow":["GET"]}}],"collection":[{"href":"https:\/\/ciclovida.ufpr.br\/index.php?rest_route=\/wp\/v2\/posts"}],"about":[{"href":"https:\/\/ciclovida.ufpr.br\/index.php?rest_route=\/wp\/v2\/types\/post"}],"author":[{"embeddable":true,"href":"https:\/\/ciclovida.ufpr.br\/index.php?rest_route=\/wp\/v2\/users\/109"}],"replies":[{"embeddable":true,"href":"https:\/\/ciclovida.ufpr.br\/index.php?rest_route=%2Fwp%2Fv2%2Fcomments&post=4479"}],"version-history":[{"count":2,"href":"https:\/\/ciclovida.ufpr.br\/index.php?rest_route=\/wp\/v2\/posts\/4479\/revisions"}],"predecessor-version":[{"id":4481,"href":"https:\/\/ciclovida.ufpr.br\/index.php?rest_route=\/wp\/v2\/posts\/4479\/revisions\/4481"}],"wp:attachment":[{"href":"https:\/\/ciclovida.ufpr.br\/index.php?rest_route=%2Fwp%2Fv2%2Fmedia&parent=4479"}],"wp:term":[{"taxonomy":"category","embeddable":true,"href":"https:\/\/ciclovida.ufpr.br\/index.php?rest_route=%2Fwp%2Fv2%2Fcategories&post=4479"},{"taxonomy":"post_tag","embeddable":true,"href":"https:\/\/ciclovida.ufpr.br\/index.php?rest_route=%2Fwp%2Fv2%2Ftags&post=4479"}],"curies":[{"name":"wp","href":"https:\/\/api.w.org\/{rel}","templated":true}]}}