{"id":4348,"date":"2019-06-01T18:46:20","date_gmt":"2019-06-01T21:46:20","guid":{"rendered":"https:\/\/ciclovida.ufpr.br\/?p=4348"},"modified":"2021-04-08T16:30:25","modified_gmt":"2021-04-08T19:30:25","slug":"lancamento-do-livro-diretrizes-para-elaboracao-de-politica-publica-de-ciclomobilidade-experiencias-do-programa-ciclovida-da-ufpr","status":"publish","type":"post","link":"https:\/\/ciclovida.ufpr.br\/?p=4348","title":{"rendered":"Lan\u00e7amento do livro &#8220;Diretrizes para elabora\u00e7\u00e3o de pol\u00edtica p\u00fablica de ciclomobilidade: experi\u00eancias do Programa Ciclovida da UFPR."},"content":{"rendered":"<p>Boa noite!<\/p>\n<p>Iniciamos julho com o lan\u00e7amento do livro &#8220;Diretrizes para elabora\u00e7\u00e3o de pol\u00edtica p\u00fablica de ciclomobilidade: experi\u00eancias do Programa Ciclovida da UFPR&#8221;.<br>Data: 01\/07\/2019.<br>Hor\u00e1rio: 19:00.<br>Local: Sal\u00e3o de Festas da Asufepar (R. Carlos Pradi, 18, Jardim das Am\u00e9ricas, Curitiba).<\/p>\n<p><a href=\"https:\/\/www.ufpr.br\/portalufpr\/eventos\/livro-sobre-as-experiencias-do-programa-de-extensao-ciclovida-sera-lancado-em-1-7-em-curitiba\/\" target=\"_blank\" rel=\"noopener noreferrer\">https:\/\/www.ufpr.br\/portalufpr\/eventos\/livro-sobre-as-experiencias-do-programa-de-extensao-ciclovida-sera-lancado-em-1-7-em-curitiba\/<\/a><\/p>\n<p>&nbsp;<\/p>\n<p>&nbsp;<\/p>\n\n\n<p><\/p>\n","protected":false},"excerpt":{"rendered":"<p>Boa noite! Iniciamos julho com o lan\u00e7amento do livro &#8220;Diretrizes para elabora\u00e7\u00e3o de pol\u00edtica p\u00fablica de ciclomobilidade: experi\u00eancias do Programa Ciclovida da UFPR&#8221;.Data: 01\/07\/2019.Hor\u00e1rio: 19:00.Local: Sal\u00e3o de Festas da Asufepar [&hellip;]<\/p>\n","protected":false},"author":104,"featured_media":5277,"comment_status":"open","ping_status":"open","sticky":false,"template":"","format":"standard","meta":{"_uag_custom_page_level_css":"","ngg_post_thumbnail":0,"footnotes":""},"categories":[6,1],"tags":[],"class_list":["post-4348","post","type-post","status-publish","format-standard","has-post-thumbnail","hentry","category-eventos","category-noticias"],"gutentor_comment":0,"featured_image_src":"https:\/\/ciclovida.ufpr.br\/wp-content\/uploads\/2019\/06\/CICLOMOBILIDADE-300x274-1.jpg","featured_image_src_square":"https:\/\/ciclovida.ufpr.br\/wp-content\/uploads\/2019\/06\/CICLOMOBILIDADE-300x274-1.jpg","author_info":{"display_name":"Gheysa Prado","author_link":"https:\/\/ciclovida.ufpr.br\/?author=104"},"rbea_author_info":{"display_name":"Gheysa Prado","author_link":"https:\/\/ciclovida.ufpr.br\/?author=104"},"rbea_excerpt_info":"Boa noite! Iniciamos julho com o lan\u00e7amento do livro &#8220;Diretrizes para elabora\u00e7\u00e3o de pol\u00edtica p\u00fablica de ciclomobilidade: experi\u00eancias do Programa Ciclovida da UFPR&#8221;.Data: 01\/07\/2019.Hor\u00e1rio: 19:00.Local: Sal\u00e3o de Festas da Asufepar [&hellip;]","category_list":"<a href=\"https:\/\/ciclovida.ufpr.br\/?cat=6\" rel=\"category\">Eventos<\/a>, <a href=\"https:\/\/ciclovida.ufpr.br\/?cat=1\" rel=\"category\">Not\u00edcias<\/a>","comments_num":"0 comments","uagb_featured_image_src":{"full":["https:\/\/ciclovida.ufpr.br\/wp-content\/uploads\/2019\/06\/CICLOMOBILIDADE-300x274-1.jpg",300,274,false],"thumbnail":["https:\/\/ciclovida.ufpr.br\/wp-content\/uploads\/2019\/06\/CICLOMOBILIDADE-300x274-1-100x100.jpg",100,100,true],"medium":["https:\/\/ciclovida.ufpr.br\/wp-content\/uploads\/2019\/06\/CICLOMOBILIDADE-300x274-1.jpg",300,274,false],"medium_large":["https:\/\/ciclovida.ufpr.br\/wp-content\/uploads\/2019\/06\/CICLOMOBILIDADE-300x274-1.jpg",300,274,false],"large":["https:\/\/ciclovida.ufpr.br\/wp-content\/uploads\/2019\/06\/CICLOMOBILIDADE-300x274-1.jpg",300,274,false],"1536x1536":["https:\/\/ciclovida.ufpr.br\/wp-content\/uploads\/2019\/06\/CICLOMOBILIDADE-300x274-1.jpg",300,274,false],"2048x2048":["https:\/\/ciclovida.ufpr.br\/wp-content\/uploads\/2019\/06\/CICLOMOBILIDADE-300x274-1.jpg",300,274,false],"post-thumbnail":["https:\/\/ciclovida.ufpr.br\/wp-content\/uploads\/2019\/06\/CICLOMOBILIDADE-300x274-1.jpg",300,274,false],"twentytwenty-fullscreen":["https:\/\/ciclovida.ufpr.br\/wp-content\/uploads\/2019\/06\/CICLOMOBILIDADE-300x274-1.jpg",300,274,false]},"uagb_author_info":{"display_name":"Gheysa Prado","author_link":"https:\/\/ciclovida.ufpr.br\/?author=104"},"uagb_comment_info":0,"uagb_excerpt":"Boa noite! Iniciamos julho com o lan\u00e7amento do livro &#8220;Diretrizes para elabora\u00e7\u00e3o de pol\u00edtica p\u00fablica de ciclomobilidade: experi\u00eancias do Programa Ciclovida da UFPR&#8221;.Data: 01\/07\/2019.Hor\u00e1rio: 19:00.Local: Sal\u00e3o de Festas da Asufepar [&hellip;]","wps_subtitle":"","_links":{"self":[{"href":"https:\/\/ciclovida.ufpr.br\/index.php?rest_route=\/wp\/v2\/posts\/4348","targetHints":{"allow":["GET"]}}],"collection":[{"href":"https:\/\/ciclovida.ufpr.br\/index.php?rest_route=\/wp\/v2\/posts"}],"about":[{"href":"https:\/\/ciclovida.ufpr.br\/index.php?rest_route=\/wp\/v2\/types\/post"}],"author":[{"embeddable":true,"href":"https:\/\/ciclovida.ufpr.br\/index.php?rest_route=\/wp\/v2\/users\/104"}],"replies":[{"embeddable":true,"href":"https:\/\/ciclovida.ufpr.br\/index.php?rest_route=%2Fwp%2Fv2%2Fcomments&post=4348"}],"version-history":[{"count":3,"href":"https:\/\/ciclovida.ufpr.br\/index.php?rest_route=\/wp\/v2\/posts\/4348\/revisions"}],"predecessor-version":[{"id":5156,"href":"https:\/\/ciclovida.ufpr.br\/index.php?rest_route=\/wp\/v2\/posts\/4348\/revisions\/5156"}],"wp:featuredmedia":[{"embeddable":true,"href":"https:\/\/ciclovida.ufpr.br\/index.php?rest_route=\/wp\/v2\/media\/5277"}],"wp:attachment":[{"href":"https:\/\/ciclovida.ufpr.br\/index.php?rest_route=%2Fwp%2Fv2%2Fmedia&parent=4348"}],"wp:term":[{"taxonomy":"category","embeddable":true,"href":"https:\/\/ciclovida.ufpr.br\/index.php?rest_route=%2Fwp%2Fv2%2Fcategories&post=4348"},{"taxonomy":"post_tag","embeddable":true,"href":"https:\/\/ciclovida.ufpr.br\/index.php?rest_route=%2Fwp%2Fv2%2Ftags&post=4348"}],"curies":[{"name":"wp","href":"https:\/\/api.w.org\/{rel}","templated":true}]}}