{"id":4344,"date":"2019-06-05T21:59:49","date_gmt":"2019-06-06T00:59:49","guid":{"rendered":"https:\/\/ciclovida.ufpr.br\/?p=4344"},"modified":"2021-04-08T16:02:40","modified_gmt":"2021-04-08T19:02:40","slug":"1o-passeio-cicloturismo-2019-fazenda-do-canguiri-e-represa-do-irai","status":"publish","type":"post","link":"https:\/\/ciclovida.ufpr.br\/?p=4344","title":{"rendered":"1\u00ba Passeio Cicloturismo 2019 &#8211; Fazenda do Canguiri e Represa do Ira\u00ed"},"content":{"rendered":"<p style=\"text-align: left;\">O programa Ciclovida convida a todos a participarem do primeiro evento de Cicloturismo de 2019, para a Fazenda Canguiri. Confira os detalhes da programa\u00e7\u00e3o abaixo.&nbsp; O evento ser\u00e1 dia 08\/06, com concentra\u00e7\u00e3o \u00e0s 07:30 da manh\u00e3 e sa\u00edda as 08:00.<\/p>\n<p style=\"text-align: left;\">Lembre-se sempre de levar \u00e1gua, usar roupas confort\u00e1veis e manter a bicicleta em dia!<\/p>\n","protected":false},"excerpt":{"rendered":"<p>O programa Ciclovida convida a todos a participarem do primeiro evento de Cicloturismo de 2019, para a Fazenda Canguiri. Confira os detalhes da programa\u00e7\u00e3o abaixo.&nbsp; O evento ser\u00e1 dia 08\/06, [&hellip;]<\/p>\n","protected":false},"author":104,"featured_media":5193,"comment_status":"open","ping_status":"open","sticky":false,"template":"","format":"standard","meta":{"_uag_custom_page_level_css":"","ngg_post_thumbnail":0,"footnotes":""},"categories":[1],"tags":[18,32],"class_list":["post-4344","post","type-post","status-publish","format-standard","has-post-thumbnail","hentry","category-noticias","tag-cicloturismo","tag-eventos"],"gutentor_comment":0,"featured_image_src":"https:\/\/ciclovida.ufpr.br\/wp-content\/uploads\/2019\/06\/0001-1024x601-1.jpg","featured_image_src_square":"https:\/\/ciclovida.ufpr.br\/wp-content\/uploads\/2019\/06\/0001-1024x601-1.jpg","author_info":{"display_name":"Gheysa Prado","author_link":"https:\/\/ciclovida.ufpr.br\/?author=104"},"rbea_author_info":{"display_name":"Gheysa Prado","author_link":"https:\/\/ciclovida.ufpr.br\/?author=104"},"rbea_excerpt_info":"O programa Ciclovida convida a todos a participarem do primeiro evento de Cicloturismo de 2019, para a Fazenda Canguiri. Confira os detalhes da programa\u00e7\u00e3o abaixo.&nbsp; O evento ser\u00e1 dia 08\/06, [&hellip;]","category_list":"<a href=\"https:\/\/ciclovida.ufpr.br\/?cat=1\" rel=\"category\">Not\u00edcias<\/a>","comments_num":"0 comments","uagb_featured_image_src":{"full":["https:\/\/ciclovida.ufpr.br\/wp-content\/uploads\/2019\/06\/0001-1024x601-1.jpg",1024,601,false],"thumbnail":["https:\/\/ciclovida.ufpr.br\/wp-content\/uploads\/2019\/06\/0001-1024x601-1-100x100.jpg",100,100,true],"medium":["https:\/\/ciclovida.ufpr.br\/wp-content\/uploads\/2019\/06\/0001-1024x601-1-300x176.jpg",300,176,true],"medium_large":["https:\/\/ciclovida.ufpr.br\/wp-content\/uploads\/2019\/06\/0001-1024x601-1-768x451.jpg",580,341,true],"large":["https:\/\/ciclovida.ufpr.br\/wp-content\/uploads\/2019\/06\/0001-1024x601-1.jpg",580,340,false],"1536x1536":["https:\/\/ciclovida.ufpr.br\/wp-content\/uploads\/2019\/06\/0001-1024x601-1.jpg",1024,601,false],"2048x2048":["https:\/\/ciclovida.ufpr.br\/wp-content\/uploads\/2019\/06\/0001-1024x601-1.jpg",1024,601,false],"post-thumbnail":["https:\/\/ciclovida.ufpr.br\/wp-content\/uploads\/2019\/06\/0001-1024x601-1.jpg",1024,601,false],"twentytwenty-fullscreen":["https:\/\/ciclovida.ufpr.br\/wp-content\/uploads\/2019\/06\/0001-1024x601-1.jpg",1024,601,false]},"uagb_author_info":{"display_name":"Gheysa Prado","author_link":"https:\/\/ciclovida.ufpr.br\/?author=104"},"uagb_comment_info":0,"uagb_excerpt":"O programa Ciclovida convida a todos a participarem do primeiro evento de Cicloturismo de 2019, para a Fazenda Canguiri. Confira os detalhes da programa\u00e7\u00e3o abaixo.&nbsp; O evento ser\u00e1 dia 08\/06, [&hellip;]","wps_subtitle":"","_links":{"self":[{"href":"https:\/\/ciclovida.ufpr.br\/index.php?rest_route=\/wp\/v2\/posts\/4344","targetHints":{"allow":["GET"]}}],"collection":[{"href":"https:\/\/ciclovida.ufpr.br\/index.php?rest_route=\/wp\/v2\/posts"}],"about":[{"href":"https:\/\/ciclovida.ufpr.br\/index.php?rest_route=\/wp\/v2\/types\/post"}],"author":[{"embeddable":true,"href":"https:\/\/ciclovida.ufpr.br\/index.php?rest_route=\/wp\/v2\/users\/104"}],"replies":[{"embeddable":true,"href":"https:\/\/ciclovida.ufpr.br\/index.php?rest_route=%2Fwp%2Fv2%2Fcomments&post=4344"}],"version-history":[{"count":13,"href":"https:\/\/ciclovida.ufpr.br\/index.php?rest_route=\/wp\/v2\/posts\/4344\/revisions"}],"predecessor-version":[{"id":5269,"href":"https:\/\/ciclovida.ufpr.br\/index.php?rest_route=\/wp\/v2\/posts\/4344\/revisions\/5269"}],"wp:featuredmedia":[{"embeddable":true,"href":"https:\/\/ciclovida.ufpr.br\/index.php?rest_route=\/wp\/v2\/media\/5193"}],"wp:attachment":[{"href":"https:\/\/ciclovida.ufpr.br\/index.php?rest_route=%2Fwp%2Fv2%2Fmedia&parent=4344"}],"wp:term":[{"taxonomy":"category","embeddable":true,"href":"https:\/\/ciclovida.ufpr.br\/index.php?rest_route=%2Fwp%2Fv2%2Fcategories&post=4344"},{"taxonomy":"post_tag","embeddable":true,"href":"https:\/\/ciclovida.ufpr.br\/index.php?rest_route=%2Fwp%2Fv2%2Ftags&post=4344"}],"curies":[{"name":"wp","href":"https:\/\/api.w.org\/{rel}","templated":true}]}}