{"id":4341,"date":"2019-06-05T21:40:23","date_gmt":"2019-06-06T00:40:23","guid":{"rendered":"https:\/\/ciclovida.ufpr.br\/?p=4341"},"modified":"2021-04-08T16:29:17","modified_gmt":"2021-04-08T19:29:17","slug":"calendario-de-cicloturismo-2019","status":"publish","type":"post","link":"https:\/\/ciclovida.ufpr.br\/?p=4341","title":{"rendered":"Calend\u00e1rio de Cicloturismo 2019"},"content":{"rendered":"<p>&nbsp;<\/p>\n<p>O programa Ciclovida convida a todos a participarem dos eventos de Cicloturismo que ir\u00e3o acontecer neste ano de 2019. Confira abaixo a programa\u00e7\u00e3o completa. Lembre-se sempre de levar \u00e1gua, usar roupas confort\u00e1veis e manter a bicicleta em dia!<\/p>\n","protected":false},"excerpt":{"rendered":"<p>&nbsp; O programa Ciclovida convida a todos a participarem dos eventos de Cicloturismo que ir\u00e3o acontecer neste ano de 2019. Confira abaixo a programa\u00e7\u00e3o completa. Lembre-se sempre de levar \u00e1gua, [&hellip;]<\/p>\n","protected":false},"author":104,"featured_media":5274,"comment_status":"open","ping_status":"open","sticky":false,"template":"","format":"standard","meta":{"_uag_custom_page_level_css":"","ngg_post_thumbnail":0,"footnotes":""},"categories":[6,1],"tags":[],"class_list":["post-4341","post","type-post","status-publish","format-standard","has-post-thumbnail","hentry","category-eventos","category-noticias"],"gutentor_comment":0,"featured_image_src":"https:\/\/ciclovida.ufpr.br\/wp-content\/uploads\/2019\/06\/calendario_cicloturismo_2019-Geral-1024x601-1.png","featured_image_src_square":"https:\/\/ciclovida.ufpr.br\/wp-content\/uploads\/2019\/06\/calendario_cicloturismo_2019-Geral-1024x601-1.png","author_info":{"display_name":"Gheysa Prado","author_link":"https:\/\/ciclovida.ufpr.br\/?author=104"},"rbea_author_info":{"display_name":"Gheysa Prado","author_link":"https:\/\/ciclovida.ufpr.br\/?author=104"},"rbea_excerpt_info":"&nbsp; O programa Ciclovida convida a todos a participarem dos eventos de Cicloturismo que ir\u00e3o acontecer neste ano de 2019. Confira abaixo a programa\u00e7\u00e3o completa. Lembre-se sempre de levar \u00e1gua, [&hellip;]","category_list":"<a href=\"https:\/\/ciclovida.ufpr.br\/?cat=6\" rel=\"category\">Eventos<\/a>, <a href=\"https:\/\/ciclovida.ufpr.br\/?cat=1\" rel=\"category\">Not\u00edcias<\/a>","comments_num":"0 comments","uagb_featured_image_src":{"full":["https:\/\/ciclovida.ufpr.br\/wp-content\/uploads\/2019\/06\/calendario_cicloturismo_2019-Geral-1024x601-1.png",1024,601,false],"thumbnail":["https:\/\/ciclovida.ufpr.br\/wp-content\/uploads\/2019\/06\/calendario_cicloturismo_2019-Geral-1024x601-1-100x100.png",100,100,true],"medium":["https:\/\/ciclovida.ufpr.br\/wp-content\/uploads\/2019\/06\/calendario_cicloturismo_2019-Geral-1024x601-1-300x176.png",300,176,true],"medium_large":["https:\/\/ciclovida.ufpr.br\/wp-content\/uploads\/2019\/06\/calendario_cicloturismo_2019-Geral-1024x601-1-768x451.png",580,341,true],"large":["https:\/\/ciclovida.ufpr.br\/wp-content\/uploads\/2019\/06\/calendario_cicloturismo_2019-Geral-1024x601-1.png",580,340,false],"1536x1536":["https:\/\/ciclovida.ufpr.br\/wp-content\/uploads\/2019\/06\/calendario_cicloturismo_2019-Geral-1024x601-1.png",1024,601,false],"2048x2048":["https:\/\/ciclovida.ufpr.br\/wp-content\/uploads\/2019\/06\/calendario_cicloturismo_2019-Geral-1024x601-1.png",1024,601,false],"post-thumbnail":["https:\/\/ciclovida.ufpr.br\/wp-content\/uploads\/2019\/06\/calendario_cicloturismo_2019-Geral-1024x601-1.png",1024,601,false],"twentytwenty-fullscreen":["https:\/\/ciclovida.ufpr.br\/wp-content\/uploads\/2019\/06\/calendario_cicloturismo_2019-Geral-1024x601-1.png",1024,601,false]},"uagb_author_info":{"display_name":"Gheysa Prado","author_link":"https:\/\/ciclovida.ufpr.br\/?author=104"},"uagb_comment_info":0,"uagb_excerpt":"&nbsp; O programa Ciclovida convida a todos a participarem dos eventos de Cicloturismo que ir\u00e3o acontecer neste ano de 2019. Confira abaixo a programa\u00e7\u00e3o completa. Lembre-se sempre de levar \u00e1gua, [&hellip;]","wps_subtitle":"","_links":{"self":[{"href":"https:\/\/ciclovida.ufpr.br\/index.php?rest_route=\/wp\/v2\/posts\/4341","targetHints":{"allow":["GET"]}}],"collection":[{"href":"https:\/\/ciclovida.ufpr.br\/index.php?rest_route=\/wp\/v2\/posts"}],"about":[{"href":"https:\/\/ciclovida.ufpr.br\/index.php?rest_route=\/wp\/v2\/types\/post"}],"author":[{"embeddable":true,"href":"https:\/\/ciclovida.ufpr.br\/index.php?rest_route=\/wp\/v2\/users\/104"}],"replies":[{"embeddable":true,"href":"https:\/\/ciclovida.ufpr.br\/index.php?rest_route=%2Fwp%2Fv2%2Fcomments&post=4341"}],"version-history":[{"count":2,"href":"https:\/\/ciclovida.ufpr.br\/index.php?rest_route=\/wp\/v2\/posts\/4341\/revisions"}],"predecessor-version":[{"id":5276,"href":"https:\/\/ciclovida.ufpr.br\/index.php?rest_route=\/wp\/v2\/posts\/4341\/revisions\/5276"}],"wp:featuredmedia":[{"embeddable":true,"href":"https:\/\/ciclovida.ufpr.br\/index.php?rest_route=\/wp\/v2\/media\/5274"}],"wp:attachment":[{"href":"https:\/\/ciclovida.ufpr.br\/index.php?rest_route=%2Fwp%2Fv2%2Fmedia&parent=4341"}],"wp:term":[{"taxonomy":"category","embeddable":true,"href":"https:\/\/ciclovida.ufpr.br\/index.php?rest_route=%2Fwp%2Fv2%2Fcategories&post=4341"},{"taxonomy":"post_tag","embeddable":true,"href":"https:\/\/ciclovida.ufpr.br\/index.php?rest_route=%2Fwp%2Fv2%2Ftags&post=4341"}],"curies":[{"name":"wp","href":"https:\/\/api.w.org\/{rel}","templated":true}]}}