{"id":4312,"date":"2018-11-20T07:38:14","date_gmt":"2018-11-20T10:38:14","guid":{"rendered":"https:\/\/ciclovida.ufpr.br\/?p=4312"},"modified":"2021-04-08T16:33:17","modified_gmt":"2021-04-08T19:33:17","slug":"seminario-interno-ciclovida","status":"publish","type":"post","link":"https:\/\/ciclovida.ufpr.br\/?p=4312","title":{"rendered":"Semin\u00e1rio Interno Ciclovida"},"content":{"rendered":"<p>O Programa Ciclovida convida a todos para prestigiar o Semin\u00e1rio Interno&nbsp;do Ciclovida, nele acontece a presenta\u00e7\u00e3o dos projetos voltados a bicicleta e mobilidade urbana pelos alunos bolsistas e parceiros do programa. Ao final haver\u00e1 uma confraterniza\u00e7\u00e3o entre os presentes, n\u00e3o deixe de participar.<\/p>\n","protected":false},"excerpt":{"rendered":"<p>O Programa Ciclovida convida a todos para prestigiar o Semin\u00e1rio Interno&nbsp;do Ciclovida, nele acontece a presenta\u00e7\u00e3o dos projetos voltados a bicicleta e mobilidade urbana pelos alunos bolsistas e parceiros do [&hellip;]<\/p>\n","protected":false},"author":103,"featured_media":5280,"comment_status":"open","ping_status":"open","sticky":false,"template":"","format":"standard","meta":{"_uag_custom_page_level_css":"","ngg_post_thumbnail":0,"footnotes":""},"categories":[1],"tags":[],"class_list":["post-4312","post","type-post","status-publish","format-standard","has-post-thumbnail","hentry","category-noticias"],"gutentor_comment":0,"featured_image_src":"https:\/\/ciclovida.ufpr.br\/wp-content\/uploads\/2018\/11\/Programacao.png","featured_image_src_square":"https:\/\/ciclovida.ufpr.br\/wp-content\/uploads\/2018\/11\/Programacao.png","author_info":{"display_name":"Andrios Cavichiollo","author_link":"https:\/\/ciclovida.ufpr.br\/?author=103"},"rbea_author_info":{"display_name":"Andrios Cavichiollo","author_link":"https:\/\/ciclovida.ufpr.br\/?author=103"},"rbea_excerpt_info":"O Programa Ciclovida convida a todos para prestigiar o Semin\u00e1rio Interno&nbsp;do Ciclovida, nele acontece a presenta\u00e7\u00e3o dos projetos voltados a bicicleta e mobilidade urbana pelos alunos bolsistas e parceiros do [&hellip;]","category_list":"<a href=\"https:\/\/ciclovida.ufpr.br\/?cat=1\" rel=\"category\">Not\u00edcias<\/a>","comments_num":"0 comments","uagb_featured_image_src":{"full":["https:\/\/ciclovida.ufpr.br\/wp-content\/uploads\/2018\/11\/Programacao.png",720,457,false],"thumbnail":["https:\/\/ciclovida.ufpr.br\/wp-content\/uploads\/2018\/11\/Programacao-100x100.png",100,100,true],"medium":["https:\/\/ciclovida.ufpr.br\/wp-content\/uploads\/2018\/11\/Programacao-300x190.png",300,190,true],"medium_large":["https:\/\/ciclovida.ufpr.br\/wp-content\/uploads\/2018\/11\/Programacao.png",580,368,false],"large":["https:\/\/ciclovida.ufpr.br\/wp-content\/uploads\/2018\/11\/Programacao.png",580,368,false],"1536x1536":["https:\/\/ciclovida.ufpr.br\/wp-content\/uploads\/2018\/11\/Programacao.png",720,457,false],"2048x2048":["https:\/\/ciclovida.ufpr.br\/wp-content\/uploads\/2018\/11\/Programacao.png",720,457,false],"post-thumbnail":["https:\/\/ciclovida.ufpr.br\/wp-content\/uploads\/2018\/11\/Programacao.png",720,457,false],"twentytwenty-fullscreen":["https:\/\/ciclovida.ufpr.br\/wp-content\/uploads\/2018\/11\/Programacao.png",720,457,false]},"uagb_author_info":{"display_name":"Andrios Cavichiollo","author_link":"https:\/\/ciclovida.ufpr.br\/?author=103"},"uagb_comment_info":0,"uagb_excerpt":"O Programa Ciclovida convida a todos para prestigiar o Semin\u00e1rio Interno&nbsp;do Ciclovida, nele acontece a presenta\u00e7\u00e3o dos projetos voltados a bicicleta e mobilidade urbana pelos alunos bolsistas e parceiros do [&hellip;]","wps_subtitle":"","_links":{"self":[{"href":"https:\/\/ciclovida.ufpr.br\/index.php?rest_route=\/wp\/v2\/posts\/4312","targetHints":{"allow":["GET"]}}],"collection":[{"href":"https:\/\/ciclovida.ufpr.br\/index.php?rest_route=\/wp\/v2\/posts"}],"about":[{"href":"https:\/\/ciclovida.ufpr.br\/index.php?rest_route=\/wp\/v2\/types\/post"}],"author":[{"embeddable":true,"href":"https:\/\/ciclovida.ufpr.br\/index.php?rest_route=\/wp\/v2\/users\/103"}],"replies":[{"embeddable":true,"href":"https:\/\/ciclovida.ufpr.br\/index.php?rest_route=%2Fwp%2Fv2%2Fcomments&post=4312"}],"version-history":[{"count":2,"href":"https:\/\/ciclovida.ufpr.br\/index.php?rest_route=\/wp\/v2\/posts\/4312\/revisions"}],"predecessor-version":[{"id":5281,"href":"https:\/\/ciclovida.ufpr.br\/index.php?rest_route=\/wp\/v2\/posts\/4312\/revisions\/5281"}],"wp:featuredmedia":[{"embeddable":true,"href":"https:\/\/ciclovida.ufpr.br\/index.php?rest_route=\/wp\/v2\/media\/5280"}],"wp:attachment":[{"href":"https:\/\/ciclovida.ufpr.br\/index.php?rest_route=%2Fwp%2Fv2%2Fmedia&parent=4312"}],"wp:term":[{"taxonomy":"category","embeddable":true,"href":"https:\/\/ciclovida.ufpr.br\/index.php?rest_route=%2Fwp%2Fv2%2Fcategories&post=4312"},{"taxonomy":"post_tag","embeddable":true,"href":"https:\/\/ciclovida.ufpr.br\/index.php?rest_route=%2Fwp%2Fv2%2Ftags&post=4312"}],"curies":[{"name":"wp","href":"https:\/\/api.w.org\/{rel}","templated":true}]}}