{"id":4308,"date":"2018-11-01T10:20:10","date_gmt":"2018-11-01T13:20:10","guid":{"rendered":"https:\/\/ciclovida.ufpr.br\/?p=4308"},"modified":"2021-04-08T16:34:28","modified_gmt":"2021-04-08T19:34:28","slug":"pedal-circuito-das-nascentes","status":"publish","type":"post","link":"https:\/\/ciclovida.ufpr.br\/?p=4308","title":{"rendered":"PEDAL CIRCUITO DAS NASCENTES"},"content":{"rendered":"<p>O Programa Ciclovida Convida a todos a participar do pedal de cicloturismo pelo Circuito das Nascentes no dia 10 de novembro. A quilometragem \u00e9 aproximadamente de 90 km (ida e volta) n\u00edvel m\u00e9dio para dif\u00edcil, partindo pela BR 277 e depois, segue caminho por estrada de ch\u00e3o. Local de encontro ser\u00e1 as 7h00 na ASUFEPAR contando com estacionamento gratuito. Esperamos voc\u00eas.<\/p>\n","protected":false},"excerpt":{"rendered":"<p>O Programa Ciclovida Convida a todos a participar do pedal de cicloturismo pelo Circuito das Nascentes no dia 10 de novembro. A quilometragem \u00e9 aproximadamente de 90 km (ida e [&hellip;]<\/p>\n","protected":false},"author":103,"featured_media":5282,"comment_status":"open","ping_status":"open","sticky":false,"template":"","format":"standard","meta":{"_uag_custom_page_level_css":"","ngg_post_thumbnail":0,"footnotes":""},"categories":[1],"tags":[],"class_list":["post-4308","post","type-post","status-publish","format-standard","has-post-thumbnail","hentry","category-noticias"],"gutentor_comment":2,"featured_image_src":"https:\/\/ciclovida.ufpr.br\/wp-content\/uploads\/2018\/11\/Cartaz-Nascentes-10-11-2018.png","featured_image_src_square":"https:\/\/ciclovida.ufpr.br\/wp-content\/uploads\/2018\/11\/Cartaz-Nascentes-10-11-2018.png","author_info":{"display_name":"Andrios Cavichiollo","author_link":"https:\/\/ciclovida.ufpr.br\/?author=103"},"rbea_author_info":{"display_name":"Andrios Cavichiollo","author_link":"https:\/\/ciclovida.ufpr.br\/?author=103"},"rbea_excerpt_info":"O Programa Ciclovida Convida a todos a participar do pedal de cicloturismo pelo Circuito das Nascentes no dia 10 de novembro. A quilometragem \u00e9 aproximadamente de 90 km (ida e [&hellip;]","category_list":"<a href=\"https:\/\/ciclovida.ufpr.br\/?cat=1\" rel=\"category\">Not\u00edcias<\/a>","comments_num":"2 comments","uagb_featured_image_src":{"full":["https:\/\/ciclovida.ufpr.br\/wp-content\/uploads\/2018\/11\/Cartaz-Nascentes-10-11-2018.png",1200,1200,false],"thumbnail":["https:\/\/ciclovida.ufpr.br\/wp-content\/uploads\/2018\/11\/Cartaz-Nascentes-10-11-2018-100x100.png",100,100,true],"medium":["https:\/\/ciclovida.ufpr.br\/wp-content\/uploads\/2018\/11\/Cartaz-Nascentes-10-11-2018-300x300.png",300,300,true],"medium_large":["https:\/\/ciclovida.ufpr.br\/wp-content\/uploads\/2018\/11\/Cartaz-Nascentes-10-11-2018-768x768.png",580,580,true],"large":["https:\/\/ciclovida.ufpr.br\/wp-content\/uploads\/2018\/11\/Cartaz-Nascentes-10-11-2018-1024x1024.png",580,580,true],"1536x1536":["https:\/\/ciclovida.ufpr.br\/wp-content\/uploads\/2018\/11\/Cartaz-Nascentes-10-11-2018.png",1200,1200,false],"2048x2048":["https:\/\/ciclovida.ufpr.br\/wp-content\/uploads\/2018\/11\/Cartaz-Nascentes-10-11-2018.png",1200,1200,false],"post-thumbnail":["https:\/\/ciclovida.ufpr.br\/wp-content\/uploads\/2018\/11\/Cartaz-Nascentes-10-11-2018.png",1200,1200,false],"twentytwenty-fullscreen":["https:\/\/ciclovida.ufpr.br\/wp-content\/uploads\/2018\/11\/Cartaz-Nascentes-10-11-2018.png",1200,1200,false]},"uagb_author_info":{"display_name":"Andrios Cavichiollo","author_link":"https:\/\/ciclovida.ufpr.br\/?author=103"},"uagb_comment_info":2,"uagb_excerpt":"O Programa Ciclovida Convida a todos a participar do pedal de cicloturismo pelo Circuito das Nascentes no dia 10 de novembro. A quilometragem \u00e9 aproximadamente de 90 km (ida e [&hellip;]","wps_subtitle":"","_links":{"self":[{"href":"https:\/\/ciclovida.ufpr.br\/index.php?rest_route=\/wp\/v2\/posts\/4308","targetHints":{"allow":["GET"]}}],"collection":[{"href":"https:\/\/ciclovida.ufpr.br\/index.php?rest_route=\/wp\/v2\/posts"}],"about":[{"href":"https:\/\/ciclovida.ufpr.br\/index.php?rest_route=\/wp\/v2\/types\/post"}],"author":[{"embeddable":true,"href":"https:\/\/ciclovida.ufpr.br\/index.php?rest_route=\/wp\/v2\/users\/103"}],"replies":[{"embeddable":true,"href":"https:\/\/ciclovida.ufpr.br\/index.php?rest_route=%2Fwp%2Fv2%2Fcomments&post=4308"}],"version-history":[{"count":2,"href":"https:\/\/ciclovida.ufpr.br\/index.php?rest_route=\/wp\/v2\/posts\/4308\/revisions"}],"predecessor-version":[{"id":5283,"href":"https:\/\/ciclovida.ufpr.br\/index.php?rest_route=\/wp\/v2\/posts\/4308\/revisions\/5283"}],"wp:featuredmedia":[{"embeddable":true,"href":"https:\/\/ciclovida.ufpr.br\/index.php?rest_route=\/wp\/v2\/media\/5282"}],"wp:attachment":[{"href":"https:\/\/ciclovida.ufpr.br\/index.php?rest_route=%2Fwp%2Fv2%2Fmedia&parent=4308"}],"wp:term":[{"taxonomy":"category","embeddable":true,"href":"https:\/\/ciclovida.ufpr.br\/index.php?rest_route=%2Fwp%2Fv2%2Fcategories&post=4308"},{"taxonomy":"post_tag","embeddable":true,"href":"https:\/\/ciclovida.ufpr.br\/index.php?rest_route=%2Fwp%2Fv2%2Ftags&post=4308"}],"curies":[{"name":"wp","href":"https:\/\/api.w.org\/{rel}","templated":true}]}}