{"id":4303,"date":"2018-10-08T16:23:40","date_gmt":"2018-10-08T19:23:40","guid":{"rendered":"https:\/\/ciclovida.ufpr.br\/?p=4303"},"modified":"2021-04-08T16:36:45","modified_gmt":"2021-04-08T19:36:45","slug":"pedala-antonina-3","status":"publish","type":"post","link":"https:\/\/ciclovida.ufpr.br\/?p=4303","title":{"rendered":"PEDALA ANTONINA"},"content":{"rendered":"<p>Mais uma vez o Programa Ciclovida da UFPR convida a todos para participar de uma pedalada de cicloturimo at\u00e9 a cidade de Guaraque\u00e7aba.<\/p>\n<p>O encontro ocorrer\u00e1 em Antonina, no Coreto da Pra\u00e7a Coronel Macedo, no dia 12\/10, com o <strong>deslocamento at\u00e9 o local de partida \u00e9 por conta de cada participante<\/strong>. A concentra\u00e7\u00e3o ser\u00e1 \u00e0s 7:30 com sa\u00edda \u00e0s 8h.<\/p>\n<p>O percurso at\u00e9 Guaraque\u00e7aba \u00e9 de 99km e contar\u00e1 com carro de apoio. O almo\u00e7o ser\u00e1 em Taga\u00e7aba e a chegada&nbsp;est\u00e1 prevista para as 17h.<\/p>\n<p>A sa\u00edda para Paranagu\u00e1 de barco ser\u00e1 \u00e0s 7h do dia 13\/10 com chegada prevista para as 9:30h, quando ser\u00e1 retomado o pedal at\u00e9 Antonina, 55km, com chegada estimada para as 14h.<\/p>\n<p>No valor de $165 ($150 + 10% de taxa de servi\u00e7o do site)&nbsp;para a inscri\u00e7\u00e3o est\u00e1 incluso carro de apoio, almo\u00e7o em Taga\u00e7aba, pouso na Pousada Chau\u00e1 com caf\u00e9 da manh\u00e3 e o barco Guaraque\u00e7aba x Paranagu\u00e1.<\/p>\n<p>Para inscri\u00e7\u00e3o acesse:&nbsp;<a href=\"http:\/\/doity.com.br\/pedala\" target=\"_blank\" rel=\"noopener noreferrer\">INSCRI\u00c7\u00d5ES<\/a><\/p>\n","protected":false},"excerpt":{"rendered":"<p>Mais uma vez o Programa Ciclovida da UFPR convida a todos para participar de uma pedalada de cicloturimo at\u00e9 a cidade de Guaraque\u00e7aba. O encontro ocorrer\u00e1 em Antonina, no Coreto [&hellip;]<\/p>\n","protected":false},"author":103,"featured_media":5284,"comment_status":"open","ping_status":"open","sticky":false,"template":"","format":"standard","meta":{"_uag_custom_page_level_css":"","ngg_post_thumbnail":0,"footnotes":""},"categories":[1],"tags":[],"class_list":["post-4303","post","type-post","status-publish","format-standard","has-post-thumbnail","hentry","category-noticias"],"gutentor_comment":0,"featured_image_src":"https:\/\/ciclovida.ufpr.br\/wp-content\/uploads\/2018\/10\/guaraquecaba-1.png","featured_image_src_square":"https:\/\/ciclovida.ufpr.br\/wp-content\/uploads\/2018\/10\/guaraquecaba-1.png","author_info":{"display_name":"Andrios Cavichiollo","author_link":"https:\/\/ciclovida.ufpr.br\/?author=103"},"rbea_author_info":{"display_name":"Andrios Cavichiollo","author_link":"https:\/\/ciclovida.ufpr.br\/?author=103"},"rbea_excerpt_info":"Mais uma vez o Programa Ciclovida da UFPR convida a todos para participar de uma pedalada de cicloturimo at\u00e9 a cidade de Guaraque\u00e7aba. O encontro ocorrer\u00e1 em Antonina, no Coreto [&hellip;]","category_list":"<a href=\"https:\/\/ciclovida.ufpr.br\/?cat=1\" rel=\"category\">Not\u00edcias<\/a>","comments_num":"0 comments","uagb_featured_image_src":{"full":["https:\/\/ciclovida.ufpr.br\/wp-content\/uploads\/2018\/10\/guaraquecaba-1.png",3516,4962,false],"thumbnail":["https:\/\/ciclovida.ufpr.br\/wp-content\/uploads\/2018\/10\/guaraquecaba-1-100x100.png",100,100,true],"medium":["https:\/\/ciclovida.ufpr.br\/wp-content\/uploads\/2018\/10\/guaraquecaba-1-213x300.png",213,300,true],"medium_large":["https:\/\/ciclovida.ufpr.br\/wp-content\/uploads\/2018\/10\/guaraquecaba-1-768x1084.png",580,819,true],"large":["https:\/\/ciclovida.ufpr.br\/wp-content\/uploads\/2018\/10\/guaraquecaba-1-726x1024.png",580,818,true],"1536x1536":["https:\/\/ciclovida.ufpr.br\/wp-content\/uploads\/2018\/10\/guaraquecaba-1-1088x1536.png",1088,1536,true],"2048x2048":["https:\/\/ciclovida.ufpr.br\/wp-content\/uploads\/2018\/10\/guaraquecaba-1-1451x2048.png",1451,2048,true],"post-thumbnail":["https:\/\/ciclovida.ufpr.br\/wp-content\/uploads\/2018\/10\/guaraquecaba-1-1200x1694.png",1200,1694,true],"twentytwenty-fullscreen":["https:\/\/ciclovida.ufpr.br\/wp-content\/uploads\/2018\/10\/guaraquecaba-1-1980x2794.png",1980,2794,true]},"uagb_author_info":{"display_name":"Andrios Cavichiollo","author_link":"https:\/\/ciclovida.ufpr.br\/?author=103"},"uagb_comment_info":0,"uagb_excerpt":"Mais uma vez o Programa Ciclovida da UFPR convida a todos para participar de uma pedalada de cicloturimo at\u00e9 a cidade de Guaraque\u00e7aba. O encontro ocorrer\u00e1 em Antonina, no Coreto [&hellip;]","wps_subtitle":"","_links":{"self":[{"href":"https:\/\/ciclovida.ufpr.br\/index.php?rest_route=\/wp\/v2\/posts\/4303","targetHints":{"allow":["GET"]}}],"collection":[{"href":"https:\/\/ciclovida.ufpr.br\/index.php?rest_route=\/wp\/v2\/posts"}],"about":[{"href":"https:\/\/ciclovida.ufpr.br\/index.php?rest_route=\/wp\/v2\/types\/post"}],"author":[{"embeddable":true,"href":"https:\/\/ciclovida.ufpr.br\/index.php?rest_route=\/wp\/v2\/users\/103"}],"replies":[{"embeddable":true,"href":"https:\/\/ciclovida.ufpr.br\/index.php?rest_route=%2Fwp%2Fv2%2Fcomments&post=4303"}],"version-history":[{"count":3,"href":"https:\/\/ciclovida.ufpr.br\/index.php?rest_route=\/wp\/v2\/posts\/4303\/revisions"}],"predecessor-version":[{"id":5285,"href":"https:\/\/ciclovida.ufpr.br\/index.php?rest_route=\/wp\/v2\/posts\/4303\/revisions\/5285"}],"wp:featuredmedia":[{"embeddable":true,"href":"https:\/\/ciclovida.ufpr.br\/index.php?rest_route=\/wp\/v2\/media\/5284"}],"wp:attachment":[{"href":"https:\/\/ciclovida.ufpr.br\/index.php?rest_route=%2Fwp%2Fv2%2Fmedia&parent=4303"}],"wp:term":[{"taxonomy":"category","embeddable":true,"href":"https:\/\/ciclovida.ufpr.br\/index.php?rest_route=%2Fwp%2Fv2%2Fcategories&post=4303"},{"taxonomy":"post_tag","embeddable":true,"href":"https:\/\/ciclovida.ufpr.br\/index.php?rest_route=%2Fwp%2Fv2%2Ftags&post=4303"}],"curies":[{"name":"wp","href":"https:\/\/api.w.org\/{rel}","templated":true}]}}