{"id":4289,"date":"2018-10-08T16:15:11","date_gmt":"2018-10-08T19:15:11","guid":{"rendered":"https:\/\/ciclovida.ufpr.br\/?p=4289"},"modified":"2018-10-08T16:16:33","modified_gmt":"2018-10-08T19:16:33","slug":"2o-circuito-de-mountain-bike-da-ac7","status":"publish","type":"post","link":"https:\/\/ciclovida.ufpr.br\/?p=4289","title":{"rendered":"2\u00ba CIRCUITO DE MOUNTAIN BIKE DA AC7"},"content":{"rendered":"<p><a href=\"https:\/\/ciclovida.ufpr.br\/wp-content\/uploads\/2018\/10\/41718448_1828342590568129_2556168155789524992_n.jpg\"><img loading=\"lazy\" decoding=\"async\" class=\"alignnone size-medium wp-image-4300\" src=\"https:\/\/ciclovida.ufpr.br\/wp-content\/uploads\/2018\/10\/41718448_1828342590568129_2556168155789524992_n-212x300.jpg\" alt=\"41718448_1828342590568129_2556168155789524992_n\" width=\"212\" height=\"300\" srcset=\"https:\/\/ciclovida.ufpr.br\/wp-content\/uploads\/2018\/10\/41718448_1828342590568129_2556168155789524992_n-212x300.jpg 212w, https:\/\/ciclovida.ufpr.br\/wp-content\/uploads\/2018\/10\/41718448_1828342590568129_2556168155789524992_n.jpg 678w\" sizes=\"auto, (max-width: 212px) 100vw, 212px\" \/><\/a><\/p>\n<p>No dia 30 de setembro aconteceu no campus Centro Polit\u00e9cnico, a 2\u00aa etapa do Circuito de Mountain Bike da AC7 organizado pela Atl\u00e9tica C7 em parceria com o Programa Ciclovida. O evento \u00e9\u00a0gerido pelos alunos da Universidade Federal do Paran\u00e1 e tem o objetivo de fomentar o uso da bicicleta como modalidade esportiva dentro da comunidade acad\u00eamica. Essa \u00e9 a 3 vez que essa competi\u00e7\u00e3o acontece no campus, e est\u00e1 prevista mais uma no final do ano. Nessa ultima etapa foram 70 atletas participantes. Confira:<\/p>\n<p><a href=\"https:\/\/ciclovida.ufpr.br\/wp-content\/uploads\/2018\/10\/DSC2140.jpg\"><img loading=\"lazy\" decoding=\"async\" class=\"alignnone size-medium wp-image-4290\" src=\"https:\/\/ciclovida.ufpr.br\/wp-content\/uploads\/2018\/10\/DSC2140-300x200.jpg\" alt=\"_DSC2140\" width=\"300\" height=\"200\" srcset=\"https:\/\/ciclovida.ufpr.br\/wp-content\/uploads\/2018\/10\/DSC2140-300x200.jpg 300w, https:\/\/ciclovida.ufpr.br\/wp-content\/uploads\/2018\/10\/DSC2140-1024x683.jpg 1024w\" sizes=\"auto, (max-width: 300px) 100vw, 300px\" \/><\/a> <a href=\"https:\/\/ciclovida.ufpr.br\/wp-content\/uploads\/2018\/10\/DSC2204.jpg\"><img loading=\"lazy\" decoding=\"async\" class=\"alignnone size-medium wp-image-4291\" src=\"https:\/\/ciclovida.ufpr.br\/wp-content\/uploads\/2018\/10\/DSC2204-300x200.jpg\" alt=\"_DSC2204\" width=\"300\" height=\"200\" srcset=\"https:\/\/ciclovida.ufpr.br\/wp-content\/uploads\/2018\/10\/DSC2204-300x200.jpg 300w, https:\/\/ciclovida.ufpr.br\/wp-content\/uploads\/2018\/10\/DSC2204-1024x683.jpg 1024w\" sizes=\"auto, (max-width: 300px) 100vw, 300px\" \/><\/a> <a href=\"https:\/\/ciclovida.ufpr.br\/wp-content\/uploads\/2018\/10\/DSC2202.jpg\"><img loading=\"lazy\" decoding=\"async\" class=\"alignnone size-medium wp-image-4292\" src=\"https:\/\/ciclovida.ufpr.br\/wp-content\/uploads\/2018\/10\/DSC2202-300x200.jpg\" alt=\"_DSC2202\" width=\"300\" height=\"200\" srcset=\"https:\/\/ciclovida.ufpr.br\/wp-content\/uploads\/2018\/10\/DSC2202-300x200.jpg 300w, https:\/\/ciclovida.ufpr.br\/wp-content\/uploads\/2018\/10\/DSC2202-1024x683.jpg 1024w\" sizes=\"auto, (max-width: 300px) 100vw, 300px\" \/><\/a> <a href=\"https:\/\/ciclovida.ufpr.br\/wp-content\/uploads\/2018\/10\/DSC2259.jpg\"><img loading=\"lazy\" decoding=\"async\" class=\"alignnone size-medium wp-image-4293\" src=\"https:\/\/ciclovida.ufpr.br\/wp-content\/uploads\/2018\/10\/DSC2259-300x200.jpg\" alt=\"_DSC2259\" width=\"300\" height=\"200\" srcset=\"https:\/\/ciclovida.ufpr.br\/wp-content\/uploads\/2018\/10\/DSC2259-300x200.jpg 300w, https:\/\/ciclovida.ufpr.br\/wp-content\/uploads\/2018\/10\/DSC2259-1024x683.jpg 1024w\" sizes=\"auto, (max-width: 300px) 100vw, 300px\" \/><\/a> <a href=\"https:\/\/ciclovida.ufpr.br\/wp-content\/uploads\/2018\/10\/DSC2376.jpg\"><img loading=\"lazy\" decoding=\"async\" class=\"alignnone size-medium wp-image-4294\" src=\"https:\/\/ciclovida.ufpr.br\/wp-content\/uploads\/2018\/10\/DSC2376-300x200.jpg\" alt=\"_DSC2376\" width=\"300\" height=\"200\" srcset=\"https:\/\/ciclovida.ufpr.br\/wp-content\/uploads\/2018\/10\/DSC2376-300x200.jpg 300w, https:\/\/ciclovida.ufpr.br\/wp-content\/uploads\/2018\/10\/DSC2376-1024x683.jpg 1024w\" sizes=\"auto, (max-width: 300px) 100vw, 300px\" \/><\/a> <a href=\"https:\/\/ciclovida.ufpr.br\/wp-content\/uploads\/2018\/10\/CSC2383.jpg\"><img loading=\"lazy\" decoding=\"async\" class=\"alignnone size-medium wp-image-4295\" src=\"https:\/\/ciclovida.ufpr.br\/wp-content\/uploads\/2018\/10\/CSC2383-300x200.jpg\" alt=\"_CSC2383\" width=\"300\" height=\"200\" srcset=\"https:\/\/ciclovida.ufpr.br\/wp-content\/uploads\/2018\/10\/CSC2383-300x200.jpg 300w, https:\/\/ciclovida.ufpr.br\/wp-content\/uploads\/2018\/10\/CSC2383-1024x683.jpg 1024w\" sizes=\"auto, (max-width: 300px) 100vw, 300px\" \/><\/a> <a href=\"https:\/\/ciclovida.ufpr.br\/wp-content\/uploads\/2018\/10\/CSC2382.jpg\"><img loading=\"lazy\" decoding=\"async\" class=\"alignnone size-medium wp-image-4296\" src=\"https:\/\/ciclovida.ufpr.br\/wp-content\/uploads\/2018\/10\/CSC2382-300x200.jpg\" alt=\"_CSC2382\" width=\"300\" height=\"200\" srcset=\"https:\/\/ciclovida.ufpr.br\/wp-content\/uploads\/2018\/10\/CSC2382-300x200.jpg 300w, https:\/\/ciclovida.ufpr.br\/wp-content\/uploads\/2018\/10\/CSC2382-1024x683.jpg 1024w\" sizes=\"auto, (max-width: 300px) 100vw, 300px\" \/><\/a> <a href=\"https:\/\/ciclovida.ufpr.br\/wp-content\/uploads\/2018\/10\/DSC2089.jpg\"><img loading=\"lazy\" decoding=\"async\" class=\"alignnone size-medium wp-image-4297\" src=\"https:\/\/ciclovida.ufpr.br\/wp-content\/uploads\/2018\/10\/DSC2089-300x200.jpg\" alt=\"_DSC2089\" width=\"300\" height=\"200\" srcset=\"https:\/\/ciclovida.ufpr.br\/wp-content\/uploads\/2018\/10\/DSC2089-300x200.jpg 300w, https:\/\/ciclovida.ufpr.br\/wp-content\/uploads\/2018\/10\/DSC2089-1024x683.jpg 1024w\" sizes=\"auto, (max-width: 300px) 100vw, 300px\" \/><\/a> <a href=\"https:\/\/ciclovida.ufpr.br\/wp-content\/uploads\/2018\/10\/DSC2079.jpg\"><img loading=\"lazy\" decoding=\"async\" class=\"alignnone size-medium wp-image-4298\" src=\"https:\/\/ciclovida.ufpr.br\/wp-content\/uploads\/2018\/10\/DSC2079-300x200.jpg\" alt=\"_DSC2079\" width=\"300\" height=\"200\" srcset=\"https:\/\/ciclovida.ufpr.br\/wp-content\/uploads\/2018\/10\/DSC2079-300x200.jpg 300w, https:\/\/ciclovida.ufpr.br\/wp-content\/uploads\/2018\/10\/DSC2079-1024x683.jpg 1024w\" sizes=\"auto, (max-width: 300px) 100vw, 300px\" \/><\/a> <a href=\"https:\/\/ciclovida.ufpr.br\/wp-content\/uploads\/2018\/10\/DSC2075.jpg\"><img loading=\"lazy\" decoding=\"async\" class=\"alignnone size-medium wp-image-4299\" src=\"https:\/\/ciclovida.ufpr.br\/wp-content\/uploads\/2018\/10\/DSC2075-300x200.jpg\" alt=\"_DSC2075\" width=\"300\" height=\"200\" srcset=\"https:\/\/ciclovida.ufpr.br\/wp-content\/uploads\/2018\/10\/DSC2075-300x200.jpg 300w, https:\/\/ciclovida.ufpr.br\/wp-content\/uploads\/2018\/10\/DSC2075-1024x683.jpg 1024w\" sizes=\"auto, (max-width: 300px) 100vw, 300px\" \/><\/a><\/p>\n","protected":false},"excerpt":{"rendered":"<p>No dia 30 de setembro aconteceu no campus Centro Polit\u00e9cnico, a 2\u00aa etapa do Circuito de Mountain Bike da AC7 organizado pela Atl\u00e9tica C7 em parceria com o Programa Ciclovida. [&hellip;]<\/p>\n","protected":false},"author":103,"featured_media":0,"comment_status":"open","ping_status":"open","sticky":false,"template":"","format":"standard","meta":{"_uag_custom_page_level_css":"","ngg_post_thumbnail":0,"footnotes":""},"categories":[1],"tags":[],"class_list":["post-4289","post","type-post","status-publish","format-standard","hentry","category-noticias"],"gutentor_comment":0,"featured_image_src":"","featured_image_src_square":false,"author_info":{"display_name":"Andrios Cavichiollo","author_link":"https:\/\/ciclovida.ufpr.br\/?author=103"},"rbea_author_info":{"display_name":"Andrios Cavichiollo","author_link":"https:\/\/ciclovida.ufpr.br\/?author=103"},"rbea_excerpt_info":"No dia 30 de setembro aconteceu no campus Centro Polit\u00e9cnico, a 2\u00aa etapa do Circuito de Mountain Bike da AC7 organizado pela Atl\u00e9tica C7 em parceria com o Programa Ciclovida. [&hellip;]","category_list":"<a href=\"https:\/\/ciclovida.ufpr.br\/?cat=1\" rel=\"category\">Not\u00edcias<\/a>","comments_num":"0 comments","uagb_featured_image_src":{"full":false,"thumbnail":false,"medium":false,"medium_large":false,"large":false,"1536x1536":false,"2048x2048":false,"post-thumbnail":false,"twentytwenty-fullscreen":false},"uagb_author_info":{"display_name":"Andrios Cavichiollo","author_link":"https:\/\/ciclovida.ufpr.br\/?author=103"},"uagb_comment_info":0,"uagb_excerpt":"No dia 30 de setembro aconteceu no campus Centro Polit\u00e9cnico, a 2\u00aa etapa do Circuito de Mountain Bike da AC7 organizado pela Atl\u00e9tica C7 em parceria com o Programa Ciclovida. [&hellip;]","wps_subtitle":"","_links":{"self":[{"href":"https:\/\/ciclovida.ufpr.br\/index.php?rest_route=\/wp\/v2\/posts\/4289","targetHints":{"allow":["GET"]}}],"collection":[{"href":"https:\/\/ciclovida.ufpr.br\/index.php?rest_route=\/wp\/v2\/posts"}],"about":[{"href":"https:\/\/ciclovida.ufpr.br\/index.php?rest_route=\/wp\/v2\/types\/post"}],"author":[{"embeddable":true,"href":"https:\/\/ciclovida.ufpr.br\/index.php?rest_route=\/wp\/v2\/users\/103"}],"replies":[{"embeddable":true,"href":"https:\/\/ciclovida.ufpr.br\/index.php?rest_route=%2Fwp%2Fv2%2Fcomments&post=4289"}],"version-history":[{"count":2,"href":"https:\/\/ciclovida.ufpr.br\/index.php?rest_route=\/wp\/v2\/posts\/4289\/revisions"}],"predecessor-version":[{"id":4302,"href":"https:\/\/ciclovida.ufpr.br\/index.php?rest_route=\/wp\/v2\/posts\/4289\/revisions\/4302"}],"wp:attachment":[{"href":"https:\/\/ciclovida.ufpr.br\/index.php?rest_route=%2Fwp%2Fv2%2Fmedia&parent=4289"}],"wp:term":[{"taxonomy":"category","embeddable":true,"href":"https:\/\/ciclovida.ufpr.br\/index.php?rest_route=%2Fwp%2Fv2%2Fcategories&post=4289"},{"taxonomy":"post_tag","embeddable":true,"href":"https:\/\/ciclovida.ufpr.br\/index.php?rest_route=%2Fwp%2Fv2%2Ftags&post=4289"}],"curies":[{"name":"wp","href":"https:\/\/api.w.org\/{rel}","templated":true}]}}