{"id":4265,"date":"2018-09-25T11:05:42","date_gmt":"2018-09-25T14:05:42","guid":{"rendered":"https:\/\/ciclovida.ufpr.br\/?p=4265"},"modified":"2018-09-25T11:06:51","modified_gmt":"2018-09-25T14:06:51","slug":"cicloturismo-no-caminho-do-vinho","status":"publish","type":"post","link":"https:\/\/ciclovida.ufpr.br\/?p=4265","title":{"rendered":"CICLOTURISMO NO CAMINHO DO VINHO"},"content":{"rendered":"<p>No Ultimo s\u00e1bado, dia 15 de setembro o programa Ciclovida em parceria com o grupo Pedal Cajuru realizou um passeio ciclistico pela regi\u00e3o de S\u00e3o Jos\u00e9 dos Pinhais, na famosa rota Caminho do Vinho. Confira as imagens de nosso passeio e fique ligado que dia 11 de novembro acontece o pedal pelo Circuito de Piraquara. cicloabra\u00e7o!<\/p>\n<p><a href=\"https:\/\/ciclovida.ufpr.br\/wp-content\/uploads\/2018\/09\/41799629_1420594188073595_3769876388371234816_n.jpg\"><img loading=\"lazy\" decoding=\"async\" class=\"alignnone size-medium wp-image-4266\" src=\"https:\/\/ciclovida.ufpr.br\/wp-content\/uploads\/2018\/09\/41799629_1420594188073595_3769876388371234816_n-273x300.jpg\" alt=\"41799629_1420594188073595_3769876388371234816_n\" width=\"273\" height=\"300\" srcset=\"https:\/\/ciclovida.ufpr.br\/wp-content\/uploads\/2018\/09\/41799629_1420594188073595_3769876388371234816_n-273x300.jpg 273w, https:\/\/ciclovida.ufpr.br\/wp-content\/uploads\/2018\/09\/41799629_1420594188073595_3769876388371234816_n.jpg 875w\" sizes=\"auto, (max-width: 273px) 100vw, 273px\" \/><\/a> <a href=\"https:\/\/ciclovida.ufpr.br\/wp-content\/uploads\/2018\/09\/41758873_1420595441406803_5427115018753671168_n.jpg\"><img loading=\"lazy\" decoding=\"async\" class=\"alignnone size-medium wp-image-4267\" src=\"https:\/\/ciclovida.ufpr.br\/wp-content\/uploads\/2018\/09\/41758873_1420595441406803_5427115018753671168_n-300x169.jpg\" alt=\"41758873_1420595441406803_5427115018753671168_n\" width=\"300\" height=\"169\" srcset=\"https:\/\/ciclovida.ufpr.br\/wp-content\/uploads\/2018\/09\/41758873_1420595441406803_5427115018753671168_n-300x169.jpg 300w, https:\/\/ciclovida.ufpr.br\/wp-content\/uploads\/2018\/09\/41758873_1420595441406803_5427115018753671168_n.jpg 960w\" sizes=\"auto, (max-width: 300px) 100vw, 300px\" \/><\/a> <a href=\"https:\/\/ciclovida.ufpr.br\/wp-content\/uploads\/2018\/09\/41842816_1420595334740147_8959200121875070976_n.jpg\"><img loading=\"lazy\" decoding=\"async\" class=\"alignnone size-medium wp-image-4268\" src=\"https:\/\/ciclovida.ufpr.br\/wp-content\/uploads\/2018\/09\/41842816_1420595334740147_8959200121875070976_n-300x169.jpg\" alt=\"41842816_1420595334740147_8959200121875070976_n\" width=\"300\" height=\"169\" srcset=\"https:\/\/ciclovida.ufpr.br\/wp-content\/uploads\/2018\/09\/41842816_1420595334740147_8959200121875070976_n-300x169.jpg 300w, https:\/\/ciclovida.ufpr.br\/wp-content\/uploads\/2018\/09\/41842816_1420595334740147_8959200121875070976_n.jpg 960w\" sizes=\"auto, (max-width: 300px) 100vw, 300px\" \/><\/a> <a href=\"https:\/\/ciclovida.ufpr.br\/wp-content\/uploads\/2018\/09\/41769893_1420595161406831_9188942015641944064_n.jpg\"><img loading=\"lazy\" decoding=\"async\" class=\"alignnone size-medium wp-image-4269\" src=\"https:\/\/ciclovida.ufpr.br\/wp-content\/uploads\/2018\/09\/41769893_1420595161406831_9188942015641944064_n-300x169.jpg\" alt=\"41769893_1420595161406831_9188942015641944064_n\" width=\"300\" height=\"169\" srcset=\"https:\/\/ciclovida.ufpr.br\/wp-content\/uploads\/2018\/09\/41769893_1420595161406831_9188942015641944064_n-300x169.jpg 300w, https:\/\/ciclovida.ufpr.br\/wp-content\/uploads\/2018\/09\/41769893_1420595161406831_9188942015641944064_n.jpg 960w\" sizes=\"auto, (max-width: 300px) 100vw, 300px\" \/><\/a> <a href=\"https:\/\/ciclovida.ufpr.br\/wp-content\/uploads\/2018\/09\/41779818_1420594501406897_1188867241253273600_n.jpg\"><img loading=\"lazy\" decoding=\"async\" class=\"alignnone size-medium wp-image-4270\" src=\"https:\/\/ciclovida.ufpr.br\/wp-content\/uploads\/2018\/09\/41779818_1420594501406897_1188867241253273600_n-300x169.jpg\" alt=\"41779818_1420594501406897_1188867241253273600_n\" width=\"300\" height=\"169\" srcset=\"https:\/\/ciclovida.ufpr.br\/wp-content\/uploads\/2018\/09\/41779818_1420594501406897_1188867241253273600_n-300x169.jpg 300w, https:\/\/ciclovida.ufpr.br\/wp-content\/uploads\/2018\/09\/41779818_1420594501406897_1188867241253273600_n.jpg 960w\" sizes=\"auto, (max-width: 300px) 100vw, 300px\" \/><\/a> <a href=\"https:\/\/ciclovida.ufpr.br\/wp-content\/uploads\/2018\/09\/41838995_1420594464740234_930796653735051264_n.jpg\"><img loading=\"lazy\" decoding=\"async\" class=\"alignnone size-medium wp-image-4271\" src=\"https:\/\/ciclovida.ufpr.br\/wp-content\/uploads\/2018\/09\/41838995_1420594464740234_930796653735051264_n-300x149.jpg\" alt=\"41838995_1420594464740234_930796653735051264_n\" width=\"300\" height=\"149\" srcset=\"https:\/\/ciclovida.ufpr.br\/wp-content\/uploads\/2018\/09\/41838995_1420594464740234_930796653735051264_n-300x149.jpg 300w, https:\/\/ciclovida.ufpr.br\/wp-content\/uploads\/2018\/09\/41838995_1420594464740234_930796653735051264_n.jpg 960w\" sizes=\"auto, (max-width: 300px) 100vw, 300px\" \/><\/a> <a href=\"https:\/\/ciclovida.ufpr.br\/wp-content\/uploads\/2018\/09\/41788147_1970817576343411_6265910698459529216_n.jpg\"><img loading=\"lazy\" decoding=\"async\" class=\"alignnone size-medium wp-image-4272\" src=\"https:\/\/ciclovida.ufpr.br\/wp-content\/uploads\/2018\/09\/41788147_1970817576343411_6265910698459529216_n-300x225.jpg\" alt=\"41788147_1970817576343411_6265910698459529216_n\" width=\"300\" height=\"225\" srcset=\"https:\/\/ciclovida.ufpr.br\/wp-content\/uploads\/2018\/09\/41788147_1970817576343411_6265910698459529216_n-300x225.jpg 300w, https:\/\/ciclovida.ufpr.br\/wp-content\/uploads\/2018\/09\/41788147_1970817576343411_6265910698459529216_n.jpg 960w\" sizes=\"auto, (max-width: 300px) 100vw, 300px\" \/><\/a> <a href=\"https:\/\/ciclovida.ufpr.br\/wp-content\/uploads\/2018\/09\/41895173_1970817526343416_4192432051388940288_n.jpg\"><img loading=\"lazy\" decoding=\"async\" class=\"alignnone size-medium wp-image-4273\" src=\"https:\/\/ciclovida.ufpr.br\/wp-content\/uploads\/2018\/09\/41895173_1970817526343416_4192432051388940288_n-300x169.jpg\" alt=\"41895173_1970817526343416_4192432051388940288_n\" width=\"300\" height=\"169\" srcset=\"https:\/\/ciclovida.ufpr.br\/wp-content\/uploads\/2018\/09\/41895173_1970817526343416_4192432051388940288_n-300x169.jpg 300w, https:\/\/ciclovida.ufpr.br\/wp-content\/uploads\/2018\/09\/41895173_1970817526343416_4192432051388940288_n.jpg 960w\" sizes=\"auto, (max-width: 300px) 100vw, 300px\" \/><\/a> <a href=\"https:\/\/ciclovida.ufpr.br\/wp-content\/uploads\/2018\/09\/41866294_1970817943010041_6070079800582602752_n.jpg\"><img loading=\"lazy\" decoding=\"async\" class=\"alignnone size-medium wp-image-4274\" src=\"https:\/\/ciclovida.ufpr.br\/wp-content\/uploads\/2018\/09\/41866294_1970817943010041_6070079800582602752_n-300x225.jpg\" alt=\"41866294_1970817943010041_6070079800582602752_n\" width=\"300\" height=\"225\" srcset=\"https:\/\/ciclovida.ufpr.br\/wp-content\/uploads\/2018\/09\/41866294_1970817943010041_6070079800582602752_n-300x225.jpg 300w, https:\/\/ciclovida.ufpr.br\/wp-content\/uploads\/2018\/09\/41866294_1970817943010041_6070079800582602752_n.jpg 960w\" sizes=\"auto, (max-width: 300px) 100vw, 300px\" \/><\/a><\/p>\n","protected":false},"excerpt":{"rendered":"<p>No Ultimo s\u00e1bado, dia 15 de setembro o programa Ciclovida em parceria com o grupo Pedal Cajuru realizou um passeio ciclistico pela regi\u00e3o de S\u00e3o Jos\u00e9 dos Pinhais, na famosa [&hellip;]<\/p>\n","protected":false},"author":103,"featured_media":0,"comment_status":"open","ping_status":"open","sticky":false,"template":"","format":"standard","meta":{"_uag_custom_page_level_css":"","ngg_post_thumbnail":0,"footnotes":""},"categories":[1],"tags":[],"class_list":["post-4265","post","type-post","status-publish","format-standard","hentry","category-noticias"],"gutentor_comment":0,"featured_image_src":"","featured_image_src_square":false,"author_info":{"display_name":"Andrios Cavichiollo","author_link":"https:\/\/ciclovida.ufpr.br\/?author=103"},"rbea_author_info":{"display_name":"Andrios Cavichiollo","author_link":"https:\/\/ciclovida.ufpr.br\/?author=103"},"rbea_excerpt_info":"No Ultimo s\u00e1bado, dia 15 de setembro o programa Ciclovida em parceria com o grupo Pedal Cajuru realizou um passeio ciclistico pela regi\u00e3o de S\u00e3o Jos\u00e9 dos Pinhais, na famosa [&hellip;]","category_list":"<a href=\"https:\/\/ciclovida.ufpr.br\/?cat=1\" rel=\"category\">Not\u00edcias<\/a>","comments_num":"0 comments","uagb_featured_image_src":{"full":false,"thumbnail":false,"medium":false,"medium_large":false,"large":false,"1536x1536":false,"2048x2048":false,"post-thumbnail":false,"twentytwenty-fullscreen":false},"uagb_author_info":{"display_name":"Andrios Cavichiollo","author_link":"https:\/\/ciclovida.ufpr.br\/?author=103"},"uagb_comment_info":0,"uagb_excerpt":"No Ultimo s\u00e1bado, dia 15 de setembro o programa Ciclovida em parceria com o grupo Pedal Cajuru realizou um passeio ciclistico pela regi\u00e3o de S\u00e3o Jos\u00e9 dos Pinhais, na famosa [&hellip;]","wps_subtitle":"","_links":{"self":[{"href":"https:\/\/ciclovida.ufpr.br\/index.php?rest_route=\/wp\/v2\/posts\/4265","targetHints":{"allow":["GET"]}}],"collection":[{"href":"https:\/\/ciclovida.ufpr.br\/index.php?rest_route=\/wp\/v2\/posts"}],"about":[{"href":"https:\/\/ciclovida.ufpr.br\/index.php?rest_route=\/wp\/v2\/types\/post"}],"author":[{"embeddable":true,"href":"https:\/\/ciclovida.ufpr.br\/index.php?rest_route=\/wp\/v2\/users\/103"}],"replies":[{"embeddable":true,"href":"https:\/\/ciclovida.ufpr.br\/index.php?rest_route=%2Fwp%2Fv2%2Fcomments&post=4265"}],"version-history":[{"count":2,"href":"https:\/\/ciclovida.ufpr.br\/index.php?rest_route=\/wp\/v2\/posts\/4265\/revisions"}],"predecessor-version":[{"id":4276,"href":"https:\/\/ciclovida.ufpr.br\/index.php?rest_route=\/wp\/v2\/posts\/4265\/revisions\/4276"}],"wp:attachment":[{"href":"https:\/\/ciclovida.ufpr.br\/index.php?rest_route=%2Fwp%2Fv2%2Fmedia&parent=4265"}],"wp:term":[{"taxonomy":"category","embeddable":true,"href":"https:\/\/ciclovida.ufpr.br\/index.php?rest_route=%2Fwp%2Fv2%2Fcategories&post=4265"},{"taxonomy":"post_tag","embeddable":true,"href":"https:\/\/ciclovida.ufpr.br\/index.php?rest_route=%2Fwp%2Fv2%2Ftags&post=4265"}],"curies":[{"name":"wp","href":"https:\/\/api.w.org\/{rel}","templated":true}]}}