{"id":4261,"date":"2018-09-18T09:20:51","date_gmt":"2018-09-18T12:20:51","guid":{"rendered":"https:\/\/ciclovida.ufpr.br\/?p=4261"},"modified":"2018-09-18T09:20:51","modified_gmt":"2018-09-18T12:20:51","slug":"desafio-intermodal-de-curitiba-2018","status":"publish","type":"post","link":"https:\/\/ciclovida.ufpr.br\/?p=4261","title":{"rendered":"Desafio Intermodal de Curitiba 2018"},"content":{"rendered":"<p><img loading=\"lazy\" decoding=\"async\" class=\"alignnone size-medium wp-image-4262\" src=\"https:\/\/ciclovida.ufpr.br\/wp-content\/uploads\/2018\/09\/Desafio-Intermodal-2018_verde-300x212.jpg\" alt=\"Desafio Intermodal 2018_verde\" width=\"300\" height=\"212\" srcset=\"https:\/\/ciclovida.ufpr.br\/wp-content\/uploads\/2018\/09\/Desafio-Intermodal-2018_verde-300x212.jpg 300w, https:\/\/ciclovida.ufpr.br\/wp-content\/uploads\/2018\/09\/Desafio-Intermodal-2018_verde-1024x724.jpg 1024w\" sizes=\"auto, (max-width: 300px) 100vw, 300px\" \/><\/p>\n<p>O Desafio Intermodal de Curitiba 2018 acontecer\u00e1 no dia 19 de setembro (quarta- feira)\u00a0e reunir\u00e1 diversos modais de transporte para avaliar qual a forma mais eficiente de se locomover por Curitiba no hor\u00e1rio de pico, entre 18h e 19h. O evento \u00e9 organizado pelo Programa Ciclovida da Universidade Federal do Paran\u00e1 (UFPR) com o apoio do Institutos Lactec,\u00a0 Detran-PR, Universidade Tecnol\u00f3gica Federal do Paran\u00e1 (UTFPR), Cicloigua\u00e7u, Federa\u00e7\u00e3o Paranaense de Ciclismo, e dos projetos de extens\u00e3o Ci\u00eancia para Todos e Colabbici tamb\u00e9m da UFPR.<\/p>\n<p>O Desafio consiste em uma compara\u00e7\u00e3o de desempenho entre os diferentes modais , saindo \u00e0s 18h do Centro Polit\u00e9cnico da UFPR e terminando no Pr\u00e9dio Hist\u00f3rico da\u00a0Universidade, na Pra\u00e7a Santos Andrade. Os desafiantes podem escolher o caminho que\u00a0 julgarem melhor, mas devem passar por um ponto intermedi\u00e1rio, o Escrit\u00f3rio Verde da UTFPR, antes de seguirem para o ponto final.<\/p>\n<p>O objetivo do Desafio \u00e9 verificar, em um percurso de aproximadamente dez\u00a0 quil\u00f4metros, qual o meio de transporte mais eficiente para se deslocar no hor\u00e1rio de pico\u00a0 em um grande centro urbano, levando em considera\u00e7\u00e3o tr\u00eas quesitos de avalia\u00e7\u00e3o: tempo\u00a0de deslocamento, custos para o usu\u00e1rio e emiss\u00e3o de poluentes. Os dados, coletados ao\u00a0longo do percurso, resultar\u00e3o em m\u00e9dias, que indicar\u00e3o o modal mais eficiente.<\/p>\n","protected":false},"excerpt":{"rendered":"<p>O Desafio Intermodal de Curitiba 2018 acontecer\u00e1 no dia 19 de setembro (quarta- feira)\u00a0e reunir\u00e1 diversos modais de transporte para avaliar qual a forma mais eficiente de se locomover por [&hellip;]<\/p>\n","protected":false},"author":103,"featured_media":0,"comment_status":"open","ping_status":"open","sticky":false,"template":"","format":"standard","meta":{"_uag_custom_page_level_css":"","ngg_post_thumbnail":0,"footnotes":""},"categories":[1],"tags":[],"class_list":["post-4261","post","type-post","status-publish","format-standard","hentry","category-noticias"],"gutentor_comment":0,"featured_image_src":"","featured_image_src_square":false,"author_info":{"display_name":"Andrios Cavichiollo","author_link":"https:\/\/ciclovida.ufpr.br\/?author=103"},"rbea_author_info":{"display_name":"Andrios Cavichiollo","author_link":"https:\/\/ciclovida.ufpr.br\/?author=103"},"rbea_excerpt_info":"O Desafio Intermodal de Curitiba 2018 acontecer\u00e1 no dia 19 de setembro (quarta- feira)\u00a0e reunir\u00e1 diversos modais de transporte para avaliar qual a forma mais eficiente de se locomover por [&hellip;]","category_list":"<a href=\"https:\/\/ciclovida.ufpr.br\/?cat=1\" rel=\"category\">Not\u00edcias<\/a>","comments_num":"0 comments","uagb_featured_image_src":{"full":false,"thumbnail":false,"medium":false,"medium_large":false,"large":false,"1536x1536":false,"2048x2048":false,"post-thumbnail":false,"twentytwenty-fullscreen":false},"uagb_author_info":{"display_name":"Andrios Cavichiollo","author_link":"https:\/\/ciclovida.ufpr.br\/?author=103"},"uagb_comment_info":0,"uagb_excerpt":"O Desafio Intermodal de Curitiba 2018 acontecer\u00e1 no dia 19 de setembro (quarta- feira)\u00a0e reunir\u00e1 diversos modais de transporte para avaliar qual a forma mais eficiente de se locomover por [&hellip;]","wps_subtitle":"","_links":{"self":[{"href":"https:\/\/ciclovida.ufpr.br\/index.php?rest_route=\/wp\/v2\/posts\/4261","targetHints":{"allow":["GET"]}}],"collection":[{"href":"https:\/\/ciclovida.ufpr.br\/index.php?rest_route=\/wp\/v2\/posts"}],"about":[{"href":"https:\/\/ciclovida.ufpr.br\/index.php?rest_route=\/wp\/v2\/types\/post"}],"author":[{"embeddable":true,"href":"https:\/\/ciclovida.ufpr.br\/index.php?rest_route=\/wp\/v2\/users\/103"}],"replies":[{"embeddable":true,"href":"https:\/\/ciclovida.ufpr.br\/index.php?rest_route=%2Fwp%2Fv2%2Fcomments&post=4261"}],"version-history":[{"count":1,"href":"https:\/\/ciclovida.ufpr.br\/index.php?rest_route=\/wp\/v2\/posts\/4261\/revisions"}],"predecessor-version":[{"id":4263,"href":"https:\/\/ciclovida.ufpr.br\/index.php?rest_route=\/wp\/v2\/posts\/4261\/revisions\/4263"}],"wp:attachment":[{"href":"https:\/\/ciclovida.ufpr.br\/index.php?rest_route=%2Fwp%2Fv2%2Fmedia&parent=4261"}],"wp:term":[{"taxonomy":"category","embeddable":true,"href":"https:\/\/ciclovida.ufpr.br\/index.php?rest_route=%2Fwp%2Fv2%2Fcategories&post=4261"},{"taxonomy":"post_tag","embeddable":true,"href":"https:\/\/ciclovida.ufpr.br\/index.php?rest_route=%2Fwp%2Fv2%2Ftags&post=4261"}],"curies":[{"name":"wp","href":"https:\/\/api.w.org\/{rel}","templated":true}]}}