{"id":426,"date":"2011-09-02T19:32:05","date_gmt":"2011-09-02T22:32:05","guid":{"rendered":"https:\/\/ciclovida.ufpr.br\/?p=426"},"modified":"2011-11-01T09:00:07","modified_gmt":"2011-11-01T12:00:07","slug":"programacao-do-mes-da-bicicleta-em-curitiba","status":"publish","type":"post","link":"https:\/\/ciclovida.ufpr.br\/?p=426","title":{"rendered":"Programa\u00e7\u00e3o do M\u00eas da Bicicleta em Curitiba"},"content":{"rendered":"<p><a rel=\"attachment wp-att-427\" href=\"https:\/\/ciclovida.ufpr.br\/?attachment_id=427\"><img loading=\"lazy\" decoding=\"async\" class=\"aligncenter size-full wp-image-427\" title=\"progmesbicicletasetembro\" src=\"https:\/\/ciclovida.ufpr.br\/wp-content\/uploads\/2011\/09\/progmesbicicletasetembro.jpg\" alt=\"\" width=\"900\" height=\"711\" \/><\/a><\/p>\n","protected":false},"excerpt":{"rendered":"","protected":false},"author":1,"featured_media":0,"comment_status":"open","ping_status":"open","sticky":false,"template":"","format":"standard","meta":{"_uag_custom_page_level_css":"","ngg_post_thumbnail":0,"footnotes":""},"categories":[6],"tags":[],"class_list":["post-426","post","type-post","status-publish","format-standard","hentry","category-eventos"],"gutentor_comment":0,"featured_image_src":"","featured_image_src_square":false,"author_info":{"display_name":"ciclovida","author_link":"https:\/\/ciclovida.ufpr.br\/?author=1"},"rbea_author_info":{"display_name":"ciclovida","author_link":"https:\/\/ciclovida.ufpr.br\/?author=1"},"rbea_excerpt_info":null,"category_list":"<a href=\"https:\/\/ciclovida.ufpr.br\/?cat=6\" rel=\"category\">Eventos<\/a>","comments_num":"0 comments","uagb_featured_image_src":{"full":false,"thumbnail":false,"medium":false,"medium_large":false,"large":false,"1536x1536":false,"2048x2048":false,"post-thumbnail":false,"twentytwenty-fullscreen":false},"uagb_author_info":{"display_name":"ciclovida","author_link":"https:\/\/ciclovida.ufpr.br\/?author=1"},"uagb_comment_info":0,"uagb_excerpt":null,"wps_subtitle":"","_links":{"self":[{"href":"https:\/\/ciclovida.ufpr.br\/index.php?rest_route=\/wp\/v2\/posts\/426","targetHints":{"allow":["GET"]}}],"collection":[{"href":"https:\/\/ciclovida.ufpr.br\/index.php?rest_route=\/wp\/v2\/posts"}],"about":[{"href":"https:\/\/ciclovida.ufpr.br\/index.php?rest_route=\/wp\/v2\/types\/post"}],"author":[{"embeddable":true,"href":"https:\/\/ciclovida.ufpr.br\/index.php?rest_route=\/wp\/v2\/users\/1"}],"replies":[{"embeddable":true,"href":"https:\/\/ciclovida.ufpr.br\/index.php?rest_route=%2Fwp%2Fv2%2Fcomments&post=426"}],"version-history":[{"count":8,"href":"https:\/\/ciclovida.ufpr.br\/index.php?rest_route=\/wp\/v2\/posts\/426\/revisions"}],"predecessor-version":[{"id":488,"href":"https:\/\/ciclovida.ufpr.br\/index.php?rest_route=\/wp\/v2\/posts\/426\/revisions\/488"}],"wp:attachment":[{"href":"https:\/\/ciclovida.ufpr.br\/index.php?rest_route=%2Fwp%2Fv2%2Fmedia&parent=426"}],"wp:term":[{"taxonomy":"category","embeddable":true,"href":"https:\/\/ciclovida.ufpr.br\/index.php?rest_route=%2Fwp%2Fv2%2Fcategories&post=426"},{"taxonomy":"post_tag","embeddable":true,"href":"https:\/\/ciclovida.ufpr.br\/index.php?rest_route=%2Fwp%2Fv2%2Ftags&post=426"}],"curies":[{"name":"wp","href":"https:\/\/api.w.org\/{rel}","templated":true}]}}