{"id":4215,"date":"2018-09-03T16:08:24","date_gmt":"2018-09-03T19:08:24","guid":{"rendered":"https:\/\/ciclovida.ufpr.br\/?p=4215"},"modified":"2018-09-03T16:08:24","modified_gmt":"2018-09-03T19:08:24","slug":"pedala-antonina","status":"publish","type":"post","link":"https:\/\/ciclovida.ufpr.br\/?p=4215","title":{"rendered":"Pedala Antonina"},"content":{"rendered":"<p><a href=\"https:\/\/ciclovida.ufpr.br\/wp-content\/uploads\/2018\/09\/PedalaAntonina.png\"><img loading=\"lazy\" decoding=\"async\" class=\"size-medium wp-image-4213\" src=\"https:\/\/ciclovida.ufpr.br\/wp-content\/uploads\/2018\/09\/PedalaAntonina-205x300.png\" alt=\"O Ciclovida convida a todos para participar do f\u00f3rum de ciclomobilidade da cidade de Antonina. Ser\u00e3o seis dias de atividades e passeios de ciclorotas pela regi\u00e3o da cidade. Pegue sua bicicleta e venha pedalar com a gente.\" width=\"205\" height=\"300\" srcset=\"https:\/\/ciclovida.ufpr.br\/wp-content\/uploads\/2018\/09\/PedalaAntonina-205x300.png 205w, https:\/\/ciclovida.ufpr.br\/wp-content\/uploads\/2018\/09\/PedalaAntonina-701x1024.png 701w\" sizes=\"auto, (max-width: 205px) 100vw, 205px\" \/><\/a><\/p>\n<p>O Ciclovida convida a todos para participar do f\u00f3rum de ciclomobilidade da cidade de Antonina. Ser\u00e3o seis dias de atividades e passeios de ciclorotas pela regi\u00e3o da cidade. Pegue sua bicicleta e venha pedalar com a gente.<\/p>\n","protected":false},"excerpt":{"rendered":"<p>O Ciclovida convida a todos para participar do f\u00f3rum de ciclomobilidade da cidade de Antonina. Ser\u00e3o seis dias de atividades e passeios de ciclorotas pela regi\u00e3o da cidade. Pegue sua [&hellip;]<\/p>\n","protected":false},"author":103,"featured_media":0,"comment_status":"open","ping_status":"open","sticky":false,"template":"","format":"standard","meta":{"_uag_custom_page_level_css":"","ngg_post_thumbnail":0,"footnotes":""},"categories":[1],"tags":[],"class_list":["post-4215","post","type-post","status-publish","format-standard","hentry","category-noticias"],"gutentor_comment":0,"featured_image_src":"","featured_image_src_square":false,"author_info":{"display_name":"Andrios Cavichiollo","author_link":"https:\/\/ciclovida.ufpr.br\/?author=103"},"rbea_author_info":{"display_name":"Andrios Cavichiollo","author_link":"https:\/\/ciclovida.ufpr.br\/?author=103"},"rbea_excerpt_info":"O Ciclovida convida a todos para participar do f\u00f3rum de ciclomobilidade da cidade de Antonina. Ser\u00e3o seis dias de atividades e passeios de ciclorotas pela regi\u00e3o da cidade. Pegue sua [&hellip;]","category_list":"<a href=\"https:\/\/ciclovida.ufpr.br\/?cat=1\" rel=\"category\">Not\u00edcias<\/a>","comments_num":"0 comments","uagb_featured_image_src":{"full":false,"thumbnail":false,"medium":false,"medium_large":false,"large":false,"1536x1536":false,"2048x2048":false,"post-thumbnail":false,"twentytwenty-fullscreen":false},"uagb_author_info":{"display_name":"Andrios Cavichiollo","author_link":"https:\/\/ciclovida.ufpr.br\/?author=103"},"uagb_comment_info":0,"uagb_excerpt":"O Ciclovida convida a todos para participar do f\u00f3rum de ciclomobilidade da cidade de Antonina. Ser\u00e3o seis dias de atividades e passeios de ciclorotas pela regi\u00e3o da cidade. Pegue sua [&hellip;]","wps_subtitle":"","_links":{"self":[{"href":"https:\/\/ciclovida.ufpr.br\/index.php?rest_route=\/wp\/v2\/posts\/4215","targetHints":{"allow":["GET"]}}],"collection":[{"href":"https:\/\/ciclovida.ufpr.br\/index.php?rest_route=\/wp\/v2\/posts"}],"about":[{"href":"https:\/\/ciclovida.ufpr.br\/index.php?rest_route=\/wp\/v2\/types\/post"}],"author":[{"embeddable":true,"href":"https:\/\/ciclovida.ufpr.br\/index.php?rest_route=\/wp\/v2\/users\/103"}],"replies":[{"embeddable":true,"href":"https:\/\/ciclovida.ufpr.br\/index.php?rest_route=%2Fwp%2Fv2%2Fcomments&post=4215"}],"version-history":[{"count":2,"href":"https:\/\/ciclovida.ufpr.br\/index.php?rest_route=\/wp\/v2\/posts\/4215\/revisions"}],"predecessor-version":[{"id":4217,"href":"https:\/\/ciclovida.ufpr.br\/index.php?rest_route=\/wp\/v2\/posts\/4215\/revisions\/4217"}],"wp:attachment":[{"href":"https:\/\/ciclovida.ufpr.br\/index.php?rest_route=%2Fwp%2Fv2%2Fmedia&parent=4215"}],"wp:term":[{"taxonomy":"category","embeddable":true,"href":"https:\/\/ciclovida.ufpr.br\/index.php?rest_route=%2Fwp%2Fv2%2Fcategories&post=4215"},{"taxonomy":"post_tag","embeddable":true,"href":"https:\/\/ciclovida.ufpr.br\/index.php?rest_route=%2Fwp%2Fv2%2Ftags&post=4215"}],"curies":[{"name":"wp","href":"https:\/\/api.w.org\/{rel}","templated":true}]}}