{"id":420,"date":"2011-08-25T12:33:26","date_gmt":"2011-08-25T15:33:26","guid":{"rendered":"https:\/\/ciclovida.ufpr.br\/?p=420"},"modified":"2011-08-25T12:41:48","modified_gmt":"2011-08-25T15:41:48","slug":"ciclovida-participa-do-29%c2%ba-seurs","status":"publish","type":"post","link":"https:\/\/ciclovida.ufpr.br\/?p=420","title":{"rendered":"Ciclovida Participa do 29\u00ba SEURS"},"content":{"rendered":"<p><strong>SEURS <\/strong>\u00e9 o <strong>Semin\u00e1rio de Extens\u00e3o Universit\u00e1ria da Regi\u00e3o Sul<\/strong>.<\/p>\n<p>Este ano foi realizado pela Universidade Unioeste, na cidade de Foz do Igua\u00e7u, entre 22 e 24 de agosto.Contou com o apoio da Unila, Itaipu Binacional, Funda\u00e7\u00e3o Parque Tecnol\u00f3gico Itaipu (PTI), Funda\u00e7\u00e3o Arauc\u00e1ria, Prefeitura de Foz, Governo do Paran\u00e1 e do Governo Brasileiro.\u00a0Contou com a participa\u00e7\u00e3o das seguintes institui\u00e7\u00f5es:FURG, IF-SC, UEL, UFPR, UFSC, UFSM, UNILA, IFRS, IFSUL, UENP, UERGS, UFCSPA, UFFS, UNESPAR, UDESC, UFPel, UEM, UEPG, UNIOESTE, UTFPR, UNICENTRO e UNIPAMPA.<\/p>\nngg_shortcode_0_placeholder\n","protected":false},"excerpt":{"rendered":"<p>SEURS \u00e9 o Semin\u00e1rio de Extens\u00e3o Universit\u00e1ria da Regi\u00e3o Sul. Este ano foi realizado pela Universidade Unioeste, na cidade de Foz do Igua\u00e7u, entre 22 e 24 de agosto.Contou com [&hellip;]<\/p>\n","protected":false},"author":1,"featured_media":0,"comment_status":"open","ping_status":"open","sticky":false,"template":"","format":"standard","meta":{"_uag_custom_page_level_css":"","ngg_post_thumbnail":0,"footnotes":""},"categories":[1],"tags":[],"class_list":["post-420","post","type-post","status-publish","format-standard","hentry","category-noticias"],"gutentor_comment":2,"featured_image_src":"","featured_image_src_square":false,"author_info":{"display_name":"ciclovida","author_link":"https:\/\/ciclovida.ufpr.br\/?author=1"},"rbea_author_info":{"display_name":"ciclovida","author_link":"https:\/\/ciclovida.ufpr.br\/?author=1"},"rbea_excerpt_info":"SEURS \u00e9 o Semin\u00e1rio de Extens\u00e3o Universit\u00e1ria da Regi\u00e3o Sul. Este ano foi realizado pela Universidade Unioeste, na cidade de Foz do Igua\u00e7u, entre 22 e 24 de agosto.Contou com [&hellip;]","category_list":"<a href=\"https:\/\/ciclovida.ufpr.br\/?cat=1\" rel=\"category\">Not\u00edcias<\/a>","comments_num":"0 comments","uagb_featured_image_src":{"full":false,"thumbnail":false,"medium":false,"medium_large":false,"large":false,"1536x1536":false,"2048x2048":false,"post-thumbnail":false,"twentytwenty-fullscreen":false},"uagb_author_info":{"display_name":"ciclovida","author_link":"https:\/\/ciclovida.ufpr.br\/?author=1"},"uagb_comment_info":2,"uagb_excerpt":"SEURS \u00e9 o Semin\u00e1rio de Extens\u00e3o Universit\u00e1ria da Regi\u00e3o Sul. Este ano foi realizado pela Universidade Unioeste, na cidade de Foz do Igua\u00e7u, entre 22 e 24 de agosto.Contou com [&hellip;]","wps_subtitle":"","_links":{"self":[{"href":"https:\/\/ciclovida.ufpr.br\/index.php?rest_route=\/wp\/v2\/posts\/420","targetHints":{"allow":["GET"]}}],"collection":[{"href":"https:\/\/ciclovida.ufpr.br\/index.php?rest_route=\/wp\/v2\/posts"}],"about":[{"href":"https:\/\/ciclovida.ufpr.br\/index.php?rest_route=\/wp\/v2\/types\/post"}],"author":[{"embeddable":true,"href":"https:\/\/ciclovida.ufpr.br\/index.php?rest_route=\/wp\/v2\/users\/1"}],"replies":[{"embeddable":true,"href":"https:\/\/ciclovida.ufpr.br\/index.php?rest_route=%2Fwp%2Fv2%2Fcomments&post=420"}],"version-history":[{"count":5,"href":"https:\/\/ciclovida.ufpr.br\/index.php?rest_route=\/wp\/v2\/posts\/420\/revisions"}],"predecessor-version":[{"id":425,"href":"https:\/\/ciclovida.ufpr.br\/index.php?rest_route=\/wp\/v2\/posts\/420\/revisions\/425"}],"wp:attachment":[{"href":"https:\/\/ciclovida.ufpr.br\/index.php?rest_route=%2Fwp%2Fv2%2Fmedia&parent=420"}],"wp:term":[{"taxonomy":"category","embeddable":true,"href":"https:\/\/ciclovida.ufpr.br\/index.php?rest_route=%2Fwp%2Fv2%2Fcategories&post=420"},{"taxonomy":"post_tag","embeddable":true,"href":"https:\/\/ciclovida.ufpr.br\/index.php?rest_route=%2Fwp%2Fv2%2Ftags&post=420"}],"curies":[{"name":"wp","href":"https:\/\/api.w.org\/{rel}","templated":true}]}}