{"id":4141,"date":"2018-06-19T10:45:59","date_gmt":"2018-06-19T13:45:59","guid":{"rendered":"https:\/\/ciclovida.ufpr.br\/?p=4141"},"modified":"2018-06-19T10:53:03","modified_gmt":"2018-06-19T13:53:03","slug":"cicloturismo-calendario-do-ciclovida","status":"publish","type":"post","link":"https:\/\/ciclovida.ufpr.br\/?p=4141","title":{"rendered":"Cicloturismo: Calend\u00e1rio do Ciclovida"},"content":{"rendered":"<p>Ciclovida convida todos a participarem de nossos passeios de cicloturismo. O pr\u00f3ximo passeio esta programado para dia 14 de julho at\u00e9 a cidade de Antonina, pela estrada da Graciosa, para o Festival de inverno da UFPR. O passeio conta com carro de apoio e \u00f4nibus para trazer de volta os ciclistas at\u00e9 a Universidade, no campus Polit\u00e9cnico. Confira as fotos do ultimo passeio at\u00e9 a Fazenda Canguiri em\u00a0Pinhais.<\/p>\n<p><a href=\"https:\/\/ciclovida.ufpr.br\/wp-content\/uploads\/2018\/06\/Cartaz-Datas-1.jpg\"><img loading=\"lazy\" decoding=\"async\" class=\"alignnone size-medium wp-image-4142\" src=\"https:\/\/ciclovida.ufpr.br\/wp-content\/uploads\/2018\/06\/Cartaz-Datas-1-300x187.jpg\" alt=\"Cartaz Datas (1)\" width=\"300\" height=\"187\" srcset=\"https:\/\/ciclovida.ufpr.br\/wp-content\/uploads\/2018\/06\/Cartaz-Datas-1-300x187.jpg 300w, https:\/\/ciclovida.ufpr.br\/wp-content\/uploads\/2018\/06\/Cartaz-Datas-1-1024x640.jpg 1024w, https:\/\/ciclovida.ufpr.br\/wp-content\/uploads\/2018\/06\/Cartaz-Datas-1.jpg 1346w\" sizes=\"auto, (max-width: 300px) 100vw, 300px\" \/><\/a><a href=\"https:\/\/ciclovida.ufpr.br\/wp-content\/uploads\/2018\/06\/FB_IMG_1527611355421.jpg\"><img loading=\"lazy\" decoding=\"async\" class=\"alignnone size-medium wp-image-4202\" src=\"https:\/\/ciclovida.ufpr.br\/wp-content\/uploads\/2018\/06\/FB_IMG_1527611355421-300x225.jpg\" alt=\"FB_IMG_1527611355421\" width=\"300\" height=\"225\" srcset=\"https:\/\/ciclovida.ufpr.br\/wp-content\/uploads\/2018\/06\/FB_IMG_1527611355421-300x225.jpg 300w, https:\/\/ciclovida.ufpr.br\/wp-content\/uploads\/2018\/06\/FB_IMG_1527611355421.jpg 960w\" sizes=\"auto, (max-width: 300px) 100vw, 300px\" \/><\/a><a href=\"https:\/\/ciclovida.ufpr.br\/wp-content\/uploads\/2018\/06\/FB_IMG_1527610885222.jpg\"><img loading=\"lazy\" decoding=\"async\" class=\"alignnone size-medium wp-image-4175\" src=\"https:\/\/ciclovida.ufpr.br\/wp-content\/uploads\/2018\/06\/FB_IMG_1527610885222-300x225.jpg\" alt=\"FB_IMG_1527610885222\" width=\"300\" height=\"225\" srcset=\"https:\/\/ciclovida.ufpr.br\/wp-content\/uploads\/2018\/06\/FB_IMG_1527610885222-300x225.jpg 300w, https:\/\/ciclovida.ufpr.br\/wp-content\/uploads\/2018\/06\/FB_IMG_1527610885222.jpg 960w\" sizes=\"auto, (max-width: 300px) 100vw, 300px\" \/><\/a><a href=\"https:\/\/ciclovida.ufpr.br\/wp-content\/uploads\/2018\/06\/FB_IMG_1527611094948.jpg\"><img loading=\"lazy\" decoding=\"async\" class=\"alignnone size-medium wp-image-4183\" src=\"https:\/\/ciclovida.ufpr.br\/wp-content\/uploads\/2018\/06\/FB_IMG_1527611094948-300x225.jpg\" alt=\"FB_IMG_1527611094948\" width=\"300\" height=\"225\" srcset=\"https:\/\/ciclovida.ufpr.br\/wp-content\/uploads\/2018\/06\/FB_IMG_1527611094948-300x225.jpg 300w, https:\/\/ciclovida.ufpr.br\/wp-content\/uploads\/2018\/06\/FB_IMG_1527611094948.jpg 960w\" sizes=\"auto, (max-width: 300px) 100vw, 300px\" \/><\/a><\/p>\n","protected":false},"excerpt":{"rendered":"<p>Ciclovida convida todos a participarem de nossos passeios de cicloturismo. O pr\u00f3ximo passeio esta programado para dia 14 de julho at\u00e9 a cidade de Antonina, pela estrada da Graciosa, para [&hellip;]<\/p>\n","protected":false},"author":103,"featured_media":4142,"comment_status":"open","ping_status":"open","sticky":false,"template":"","format":"standard","meta":{"_uag_custom_page_level_css":"","ngg_post_thumbnail":0,"footnotes":""},"categories":[6,1],"tags":[],"class_list":["post-4141","post","type-post","status-publish","format-standard","has-post-thumbnail","hentry","category-eventos","category-noticias"],"gutentor_comment":1,"featured_image_src":"https:\/\/ciclovida.ufpr.br\/wp-content\/uploads\/2018\/06\/Cartaz-Datas-1.jpg","featured_image_src_square":"https:\/\/ciclovida.ufpr.br\/wp-content\/uploads\/2018\/06\/Cartaz-Datas-1.jpg","author_info":{"display_name":"Andrios Cavichiollo","author_link":"https:\/\/ciclovida.ufpr.br\/?author=103"},"rbea_author_info":{"display_name":"Andrios Cavichiollo","author_link":"https:\/\/ciclovida.ufpr.br\/?author=103"},"rbea_excerpt_info":"Ciclovida convida todos a participarem de nossos passeios de cicloturismo. O pr\u00f3ximo passeio esta programado para dia 14 de julho at\u00e9 a cidade de Antonina, pela estrada da Graciosa, para [&hellip;]","category_list":"<a href=\"https:\/\/ciclovida.ufpr.br\/?cat=6\" rel=\"category\">Eventos<\/a>, <a href=\"https:\/\/ciclovida.ufpr.br\/?cat=1\" rel=\"category\">Not\u00edcias<\/a>","comments_num":"1 comment","uagb_featured_image_src":{"full":["https:\/\/ciclovida.ufpr.br\/wp-content\/uploads\/2018\/06\/Cartaz-Datas-1.jpg",1346,841,false],"thumbnail":["https:\/\/ciclovida.ufpr.br\/wp-content\/uploads\/2018\/06\/Cartaz-Datas-1-100x100.jpg",100,100,true],"medium":["https:\/\/ciclovida.ufpr.br\/wp-content\/uploads\/2018\/06\/Cartaz-Datas-1-300x187.jpg",300,187,true],"medium_large":["https:\/\/ciclovida.ufpr.br\/wp-content\/uploads\/2018\/06\/Cartaz-Datas-1.jpg",580,362,false],"large":["https:\/\/ciclovida.ufpr.br\/wp-content\/uploads\/2018\/06\/Cartaz-Datas-1-1024x640.jpg",580,363,true],"1536x1536":["https:\/\/ciclovida.ufpr.br\/wp-content\/uploads\/2018\/06\/Cartaz-Datas-1.jpg",1346,841,false],"2048x2048":["https:\/\/ciclovida.ufpr.br\/wp-content\/uploads\/2018\/06\/Cartaz-Datas-1.jpg",1346,841,false],"post-thumbnail":["https:\/\/ciclovida.ufpr.br\/wp-content\/uploads\/2018\/06\/Cartaz-Datas-1.jpg",1200,750,false],"twentytwenty-fullscreen":["https:\/\/ciclovida.ufpr.br\/wp-content\/uploads\/2018\/06\/Cartaz-Datas-1.jpg",1346,841,false]},"uagb_author_info":{"display_name":"Andrios Cavichiollo","author_link":"https:\/\/ciclovida.ufpr.br\/?author=103"},"uagb_comment_info":1,"uagb_excerpt":"Ciclovida convida todos a participarem de nossos passeios de cicloturismo. O pr\u00f3ximo passeio esta programado para dia 14 de julho at\u00e9 a cidade de Antonina, pela estrada da Graciosa, para [&hellip;]","wps_subtitle":"","_links":{"self":[{"href":"https:\/\/ciclovida.ufpr.br\/index.php?rest_route=\/wp\/v2\/posts\/4141","targetHints":{"allow":["GET"]}}],"collection":[{"href":"https:\/\/ciclovida.ufpr.br\/index.php?rest_route=\/wp\/v2\/posts"}],"about":[{"href":"https:\/\/ciclovida.ufpr.br\/index.php?rest_route=\/wp\/v2\/types\/post"}],"author":[{"embeddable":true,"href":"https:\/\/ciclovida.ufpr.br\/index.php?rest_route=\/wp\/v2\/users\/103"}],"replies":[{"embeddable":true,"href":"https:\/\/ciclovida.ufpr.br\/index.php?rest_route=%2Fwp%2Fv2%2Fcomments&post=4141"}],"version-history":[{"count":6,"href":"https:\/\/ciclovida.ufpr.br\/index.php?rest_route=\/wp\/v2\/posts\/4141\/revisions"}],"predecessor-version":[{"id":4208,"href":"https:\/\/ciclovida.ufpr.br\/index.php?rest_route=\/wp\/v2\/posts\/4141\/revisions\/4208"}],"wp:featuredmedia":[{"embeddable":true,"href":"https:\/\/ciclovida.ufpr.br\/index.php?rest_route=\/wp\/v2\/media\/4142"}],"wp:attachment":[{"href":"https:\/\/ciclovida.ufpr.br\/index.php?rest_route=%2Fwp%2Fv2%2Fmedia&parent=4141"}],"wp:term":[{"taxonomy":"category","embeddable":true,"href":"https:\/\/ciclovida.ufpr.br\/index.php?rest_route=%2Fwp%2Fv2%2Fcategories&post=4141"},{"taxonomy":"post_tag","embeddable":true,"href":"https:\/\/ciclovida.ufpr.br\/index.php?rest_route=%2Fwp%2Fv2%2Ftags&post=4141"}],"curies":[{"name":"wp","href":"https:\/\/api.w.org\/{rel}","templated":true}]}}