{"id":409,"date":"2011-08-17T15:06:34","date_gmt":"2011-08-17T18:06:34","guid":{"rendered":"https:\/\/ciclovida.ufpr.br\/?p=409"},"modified":"2011-08-17T15:06:34","modified_gmt":"2011-08-17T18:06:34","slug":"roubo-de-bikes-na-br-277","status":"publish","type":"post","link":"https:\/\/ciclovida.ufpr.br\/?p=409","title":{"rendered":"Roubo de Bikes na BR-277"},"content":{"rendered":"<p>Todos estamos cientes da *onda de assaltos, roubos e tentativas de roubos de<br \/>\nbikes *que est\u00e3o ocorrendo na* BR 277* sentido Praias.<br \/>\nS\u00f3 que se n\u00e3o fizermos nada, daqui a pouco poder\u00e1 ocorrer algo mais grave,<br \/>\ncomo se j\u00e1 n\u00e3o bastasse ficar sem a bike.<br \/>\nHoje recebi uma liga\u00e7\u00e3o do* Policial ALEXIS, DA POL\u00cdCIA CIVIL*, que tamb\u00e9m \u00e9<br \/>\nciclista, \u00a0que est\u00e1 a par dos \u00faltimos acontecimentos, e me solicitou que<br \/>\nespalhasse a COMUNICA\u00c7\u00c3O, solicitando a todos os que tiverem *BIKE OU BENS<br \/>\nFURTADOS nos assaltos da 277, e que FIZERAM REGISTRO DE B.O (BOLETIM DE<br \/>\nOCORR\u00caNCIA)*, que *entrem em contato com ele* para passar este n\u00famero do<br \/>\nB.O, pois ele, de posse destes documentos, poder\u00e1 comprovar junto aos \u00f3rg\u00e0os<br \/>\nencarregados (Pol\u00edcias, Ecovia, Secretaria de Seguran\u00e7a P\u00fablica) a gravidade<br \/>\nda situa\u00e7\u00e3o e ir\u00e1 tentar mobilizar o maior contigente poss\u00edvel de policiais<br \/>\npara realizarem uma* mega-opera\u00e7\u00e3o ostensiva e de investiga\u00e7\u00e3o* na regi\u00e3o<br \/>\nonde os assaltos est\u00e3o ocorrendo.<br \/>\nSegue o email e telefone celular do ALEXIS:<br \/>\n*<a href=\"mailto:alexissilva@yahoo.com\">alexissilva@yahoo.com<\/a>*<br \/>\n*9919-9205*<\/p>\n","protected":false},"excerpt":{"rendered":"<p>Todos estamos cientes da *onda de assaltos, roubos e tentativas de roubos de bikes *que est\u00e3o ocorrendo na* BR 277* sentido Praias. S\u00f3 que se n\u00e3o fizermos nada, daqui a [&hellip;]<\/p>\n","protected":false},"author":1,"featured_media":0,"comment_status":"open","ping_status":"open","sticky":false,"template":"","format":"standard","meta":{"_uag_custom_page_level_css":"","ngg_post_thumbnail":0,"footnotes":""},"categories":[1],"tags":[],"class_list":["post-409","post","type-post","status-publish","format-standard","hentry","category-noticias"],"gutentor_comment":1,"featured_image_src":"","featured_image_src_square":false,"author_info":{"display_name":"ciclovida","author_link":"https:\/\/ciclovida.ufpr.br\/?author=1"},"rbea_author_info":{"display_name":"ciclovida","author_link":"https:\/\/ciclovida.ufpr.br\/?author=1"},"rbea_excerpt_info":"Todos estamos cientes da *onda de assaltos, roubos e tentativas de roubos de bikes *que est\u00e3o ocorrendo na* BR 277* sentido Praias. S\u00f3 que se n\u00e3o fizermos nada, daqui a [&hellip;]","category_list":"<a href=\"https:\/\/ciclovida.ufpr.br\/?cat=1\" rel=\"category\">Not\u00edcias<\/a>","comments_num":"0 comments","uagb_featured_image_src":{"full":false,"thumbnail":false,"medium":false,"medium_large":false,"large":false,"1536x1536":false,"2048x2048":false,"post-thumbnail":false,"twentytwenty-fullscreen":false},"uagb_author_info":{"display_name":"ciclovida","author_link":"https:\/\/ciclovida.ufpr.br\/?author=1"},"uagb_comment_info":1,"uagb_excerpt":"Todos estamos cientes da *onda de assaltos, roubos e tentativas de roubos de bikes *que est\u00e3o ocorrendo na* BR 277* sentido Praias. S\u00f3 que se n\u00e3o fizermos nada, daqui a [&hellip;]","wps_subtitle":"","_links":{"self":[{"href":"https:\/\/ciclovida.ufpr.br\/index.php?rest_route=\/wp\/v2\/posts\/409","targetHints":{"allow":["GET"]}}],"collection":[{"href":"https:\/\/ciclovida.ufpr.br\/index.php?rest_route=\/wp\/v2\/posts"}],"about":[{"href":"https:\/\/ciclovida.ufpr.br\/index.php?rest_route=\/wp\/v2\/types\/post"}],"author":[{"embeddable":true,"href":"https:\/\/ciclovida.ufpr.br\/index.php?rest_route=\/wp\/v2\/users\/1"}],"replies":[{"embeddable":true,"href":"https:\/\/ciclovida.ufpr.br\/index.php?rest_route=%2Fwp%2Fv2%2Fcomments&post=409"}],"version-history":[{"count":1,"href":"https:\/\/ciclovida.ufpr.br\/index.php?rest_route=\/wp\/v2\/posts\/409\/revisions"}],"predecessor-version":[{"id":410,"href":"https:\/\/ciclovida.ufpr.br\/index.php?rest_route=\/wp\/v2\/posts\/409\/revisions\/410"}],"wp:attachment":[{"href":"https:\/\/ciclovida.ufpr.br\/index.php?rest_route=%2Fwp%2Fv2%2Fmedia&parent=409"}],"wp:term":[{"taxonomy":"category","embeddable":true,"href":"https:\/\/ciclovida.ufpr.br\/index.php?rest_route=%2Fwp%2Fv2%2Fcategories&post=409"},{"taxonomy":"post_tag","embeddable":true,"href":"https:\/\/ciclovida.ufpr.br\/index.php?rest_route=%2Fwp%2Fv2%2Ftags&post=409"}],"curies":[{"name":"wp","href":"https:\/\/api.w.org\/{rel}","templated":true}]}}