{"id":4052,"date":"2017-11-20T11:36:45","date_gmt":"2017-11-20T14:36:45","guid":{"rendered":"https:\/\/ciclovida.ufpr.br\/?p=4052"},"modified":"2017-11-20T11:36:45","modified_gmt":"2017-11-20T14:36:45","slug":"6o-seminario-interno-do-programa-ciclovida","status":"publish","type":"post","link":"https:\/\/ciclovida.ufpr.br\/?p=4052","title":{"rendered":"6\u00ba Semin\u00e1rio Interno do Programa Ciclovida"},"content":{"rendered":"<p>Nesta ter\u00e7a-feira, 21 de novembro de 2017, ocorre o 6\u00ba Semin\u00e1rio Interno do Ciclovida!<br \/>\nDurante o evento ser\u00e3o apresentados diversos projetos e semin\u00e1rios de parceiros do programa, de temas relacionados a mobilidade sustent\u00e1vel.<br \/>\nO Semin\u00e1rio inicia \u00e0s 18h, no Sal\u00e3o de Festas II da ASUFEPAR (Rua Carlos Pradi, 18, Jardim das Am\u00e9ricas).<\/p>\n<p>Ap\u00f3s as apresenta\u00e7\u00f5es haver\u00e1 uma confraterniza\u00e7\u00e3o com jantar.<br \/>\nEsperamos voc\u00ea!<br \/>\n<a href=\"https:\/\/ciclovida.ufpr.br\/wp-content\/uploads\/2017\/11\/CicloVida2.jpg\"><img loading=\"lazy\" decoding=\"async\" class=\"aligncenter size-large wp-image-4053\" src=\"https:\/\/ciclovida.ufpr.br\/wp-content\/uploads\/2017\/11\/CicloVida2-791x1024.jpg\" alt=\"CicloVida2\" width=\"791\" height=\"1024\" srcset=\"https:\/\/ciclovida.ufpr.br\/wp-content\/uploads\/2017\/11\/CicloVida2-791x1024.jpg 791w, https:\/\/ciclovida.ufpr.br\/wp-content\/uploads\/2017\/11\/CicloVida2-232x300.jpg 232w, https:\/\/ciclovida.ufpr.br\/wp-content\/uploads\/2017\/11\/CicloVida2.jpg 816w\" sizes=\"auto, (max-width: 791px) 100vw, 791px\" \/><\/a><\/p>\n","protected":false},"excerpt":{"rendered":"<p>Nesta ter\u00e7a-feira, 21 de novembro de 2017, ocorre o 6\u00ba Semin\u00e1rio Interno do Ciclovida! Durante o evento ser\u00e3o apresentados diversos projetos e semin\u00e1rios de parceiros do programa, de temas relacionados [&hellip;]<\/p>\n","protected":false},"author":106,"featured_media":0,"comment_status":"open","ping_status":"open","sticky":false,"template":"","format":"standard","meta":{"_uag_custom_page_level_css":"","ngg_post_thumbnail":0,"footnotes":""},"categories":[1],"tags":[],"class_list":["post-4052","post","type-post","status-publish","format-standard","hentry","category-noticias"],"gutentor_comment":0,"featured_image_src":"","featured_image_src_square":false,"author_info":{"display_name":"Alan Palomero","author_link":"https:\/\/ciclovida.ufpr.br\/?author=106"},"rbea_author_info":{"display_name":"Alan Palomero","author_link":"https:\/\/ciclovida.ufpr.br\/?author=106"},"rbea_excerpt_info":"Nesta ter\u00e7a-feira, 21 de novembro de 2017, ocorre o 6\u00ba Semin\u00e1rio Interno do Ciclovida! Durante o evento ser\u00e3o apresentados diversos projetos e semin\u00e1rios de parceiros do programa, de temas relacionados [&hellip;]","category_list":"<a href=\"https:\/\/ciclovida.ufpr.br\/?cat=1\" rel=\"category\">Not\u00edcias<\/a>","comments_num":"0 comments","uagb_featured_image_src":{"full":false,"thumbnail":false,"medium":false,"medium_large":false,"large":false,"1536x1536":false,"2048x2048":false,"post-thumbnail":false,"twentytwenty-fullscreen":false},"uagb_author_info":{"display_name":"Alan Palomero","author_link":"https:\/\/ciclovida.ufpr.br\/?author=106"},"uagb_comment_info":0,"uagb_excerpt":"Nesta ter\u00e7a-feira, 21 de novembro de 2017, ocorre o 6\u00ba Semin\u00e1rio Interno do Ciclovida! Durante o evento ser\u00e3o apresentados diversos projetos e semin\u00e1rios de parceiros do programa, de temas relacionados [&hellip;]","wps_subtitle":"","_links":{"self":[{"href":"https:\/\/ciclovida.ufpr.br\/index.php?rest_route=\/wp\/v2\/posts\/4052","targetHints":{"allow":["GET"]}}],"collection":[{"href":"https:\/\/ciclovida.ufpr.br\/index.php?rest_route=\/wp\/v2\/posts"}],"about":[{"href":"https:\/\/ciclovida.ufpr.br\/index.php?rest_route=\/wp\/v2\/types\/post"}],"author":[{"embeddable":true,"href":"https:\/\/ciclovida.ufpr.br\/index.php?rest_route=\/wp\/v2\/users\/106"}],"replies":[{"embeddable":true,"href":"https:\/\/ciclovida.ufpr.br\/index.php?rest_route=%2Fwp%2Fv2%2Fcomments&post=4052"}],"version-history":[{"count":2,"href":"https:\/\/ciclovida.ufpr.br\/index.php?rest_route=\/wp\/v2\/posts\/4052\/revisions"}],"predecessor-version":[{"id":4055,"href":"https:\/\/ciclovida.ufpr.br\/index.php?rest_route=\/wp\/v2\/posts\/4052\/revisions\/4055"}],"wp:attachment":[{"href":"https:\/\/ciclovida.ufpr.br\/index.php?rest_route=%2Fwp%2Fv2%2Fmedia&parent=4052"}],"wp:term":[{"taxonomy":"category","embeddable":true,"href":"https:\/\/ciclovida.ufpr.br\/index.php?rest_route=%2Fwp%2Fv2%2Fcategories&post=4052"},{"taxonomy":"post_tag","embeddable":true,"href":"https:\/\/ciclovida.ufpr.br\/index.php?rest_route=%2Fwp%2Fv2%2Ftags&post=4052"}],"curies":[{"name":"wp","href":"https:\/\/api.w.org\/{rel}","templated":true}]}}