{"id":3953,"date":"2017-08-22T02:31:07","date_gmt":"2017-08-22T05:31:07","guid":{"rendered":"https:\/\/ciclovida.ufpr.br\/?p=3953"},"modified":"2017-08-22T02:31:07","modified_gmt":"2017-08-22T05:31:07","slug":"documentario-ciclos-sobre-a-importancia-do-uso-da-bicicleta","status":"publish","type":"post","link":"https:\/\/ciclovida.ufpr.br\/?p=3953","title":{"rendered":"Document\u00e1rio \u2018Ciclos\u2019, sobre a import\u00e2ncia do uso da bicicleta"},"content":{"rendered":"<p>Dirigido por\u00a0Alexandre Charro\u00a0e produzido por meio de uma parceira entre a\u00a0<em>Vice<\/em>\u00a0e o banco Ita\u00fa, o audiovisual se dedica sobretudo a mostrar quem s\u00e3o algumas das pessoas que incorporam a bicicleta na sua rotina n\u00e3o s\u00f3 como meio de transporte, mas tamb\u00e9m de trabalho, lazer, exerc\u00edcio e, acima de tudo, um estilo de vida.<\/p>\n<p>Essa forma de viver est\u00e1 impl\u00edcita na escolha dos tr\u00eas personagens principais do videodocument\u00e1rio. Eduardo Magr\u00e3o \u00e9 professor e cicloativista, Carolina Ikeda \u00e9 empres\u00e1ria e florista enquanto Lorena Garrido \u00e9 advogada e atriz. Dessa maneira, cada um a seu modo, por meio da educa\u00e7\u00e3o, do contato com a natureza e como artista, os personagens carregam uma\u00a0<strong>sensibilidade aflorada<\/strong>\u00a0para a vida em comunidade.<\/p>\n<p>Assim, a bicicleta se torna uma das formas de atingir aquilo que eles acreditam ser uma melhor vida em sociedade. Para isso, Magr\u00e3o pedala tamb\u00e9m acompanhado da filha, apresentando uma certa fragilidade que se assume quando opta por esse meio, sendo o ciclista, ao mesmo tempo, o mais preocupado e o mais fr\u00e1gil na luta por um tr\u00e2nsito melhor.<\/p>\n<p>Para estabelecer um paralelo com a fala dos personagens, o document\u00e1rio tamb\u00e9m exibe alguns dados, expondo, por exemplo, o fato de que 83% dos paulistanos deixaria de usar carro se houvesse uma boa alternativa (<a href=\"http:\/\/www.fecomercio.com.br\/noticia\/rede-nossa-sao-paulo-e-fecomerciosp-lancam-pesquisa-sobre-mobilidade-urbana\">Fecom\u00e9rcio\/2015<\/a>). H\u00e1 ainda, entrevistas mais curtas como a de Agust\u00edn Martinez, um dos fundadores da Bicetekas na Cidade do M\u00e9xico. Dessa maneira, h\u00e1 uma fundamenta\u00e7\u00e3o maior daquilo que os personagens dizem e vivem, estabelecendo uma discuss\u00e3o ora racional, ora emocional.<\/p>\n<p>Assista o document\u00e1rio na integra no Youtube:<\/p>\n<p>https:\/\/www.youtube.com\/watch?v=WHO31WxVwCE<\/p>\n<p>Texto retirado do site A Escotilha no post original:<\/p>\n<p><a href=\"http:\/\/www.aescotilha.com.br\/colunas\/a-margem\/ciclos-documentario-discute-a-importancia-do-uso-da-bicicleta\/\">http:\/\/www.aescotilha.com.br\/colunas\/a-margem\/ciclos-documentario-discute-a-importancia-do-uso-da-bicicleta\/<\/a><\/p>\n<p>&nbsp;<\/p>\n","protected":false},"excerpt":{"rendered":"<p>Dirigido por\u00a0Alexandre Charro\u00a0e produzido por meio de uma parceira entre a\u00a0Vice\u00a0e o banco Ita\u00fa, o audiovisual se dedica sobretudo a mostrar quem s\u00e3o algumas das pessoas que incorporam a bicicleta [&hellip;]<\/p>\n","protected":false},"author":106,"featured_media":0,"comment_status":"open","ping_status":"open","sticky":false,"template":"","format":"standard","meta":{"_uag_custom_page_level_css":"","ngg_post_thumbnail":0,"footnotes":""},"categories":[1],"tags":[],"class_list":["post-3953","post","type-post","status-publish","format-standard","hentry","category-noticias"],"gutentor_comment":0,"featured_image_src":"","featured_image_src_square":false,"author_info":{"display_name":"Alan Palomero","author_link":"https:\/\/ciclovida.ufpr.br\/?author=106"},"rbea_author_info":{"display_name":"Alan Palomero","author_link":"https:\/\/ciclovida.ufpr.br\/?author=106"},"rbea_excerpt_info":"Dirigido por\u00a0Alexandre Charro\u00a0e produzido por meio de uma parceira entre a\u00a0Vice\u00a0e o banco Ita\u00fa, o audiovisual se dedica sobretudo a mostrar quem s\u00e3o algumas das pessoas que incorporam a bicicleta [&hellip;]","category_list":"<a href=\"https:\/\/ciclovida.ufpr.br\/?cat=1\" rel=\"category\">Not\u00edcias<\/a>","comments_num":"0 comments","uagb_featured_image_src":{"full":false,"thumbnail":false,"medium":false,"medium_large":false,"large":false,"1536x1536":false,"2048x2048":false,"post-thumbnail":false,"twentytwenty-fullscreen":false},"uagb_author_info":{"display_name":"Alan Palomero","author_link":"https:\/\/ciclovida.ufpr.br\/?author=106"},"uagb_comment_info":0,"uagb_excerpt":"Dirigido por\u00a0Alexandre Charro\u00a0e produzido por meio de uma parceira entre a\u00a0Vice\u00a0e o banco Ita\u00fa, o audiovisual se dedica sobretudo a mostrar quem s\u00e3o algumas das pessoas que incorporam a bicicleta [&hellip;]","wps_subtitle":"","_links":{"self":[{"href":"https:\/\/ciclovida.ufpr.br\/index.php?rest_route=\/wp\/v2\/posts\/3953","targetHints":{"allow":["GET"]}}],"collection":[{"href":"https:\/\/ciclovida.ufpr.br\/index.php?rest_route=\/wp\/v2\/posts"}],"about":[{"href":"https:\/\/ciclovida.ufpr.br\/index.php?rest_route=\/wp\/v2\/types\/post"}],"author":[{"embeddable":true,"href":"https:\/\/ciclovida.ufpr.br\/index.php?rest_route=\/wp\/v2\/users\/106"}],"replies":[{"embeddable":true,"href":"https:\/\/ciclovida.ufpr.br\/index.php?rest_route=%2Fwp%2Fv2%2Fcomments&post=3953"}],"version-history":[{"count":2,"href":"https:\/\/ciclovida.ufpr.br\/index.php?rest_route=\/wp\/v2\/posts\/3953\/revisions"}],"predecessor-version":[{"id":3955,"href":"https:\/\/ciclovida.ufpr.br\/index.php?rest_route=\/wp\/v2\/posts\/3953\/revisions\/3955"}],"wp:attachment":[{"href":"https:\/\/ciclovida.ufpr.br\/index.php?rest_route=%2Fwp%2Fv2%2Fmedia&parent=3953"}],"wp:term":[{"taxonomy":"category","embeddable":true,"href":"https:\/\/ciclovida.ufpr.br\/index.php?rest_route=%2Fwp%2Fv2%2Fcategories&post=3953"},{"taxonomy":"post_tag","embeddable":true,"href":"https:\/\/ciclovida.ufpr.br\/index.php?rest_route=%2Fwp%2Fv2%2Ftags&post=3953"}],"curies":[{"name":"wp","href":"https:\/\/api.w.org\/{rel}","templated":true}]}}