{"id":3950,"date":"2017-08-07T11:57:39","date_gmt":"2017-08-07T14:57:39","guid":{"rendered":"https:\/\/ciclovida.ufpr.br\/?p=3950"},"modified":"2017-08-07T11:57:39","modified_gmt":"2017-08-07T14:57:39","slug":"cidades-para-bicicletas-e-para-o-futuro-no-io-congresso-brasileiro-da-associacao-nacional-dos-detrans","status":"publish","type":"post","link":"https:\/\/ciclovida.ufpr.br\/?p=3950","title":{"rendered":"\u201cCidades para bicicletas e para o futuro\u201d no I\u00ba Congresso Brasileiro da Associa\u00e7\u00e3o Nacional dos Detrans"},"content":{"rendered":"<p>J\u00e1 pensou se voc\u00ea pudesse transitar pelas ruas da cidade de bicicleta em seguran\u00e7a, tendo economia e sem poluir o meio ambiente? O coordenador do Programa Ciclovida, Jos\u00e9 Carlos Belotto trouxe\u00a0para reflex\u00e3o o tema \u201cCidades para bicicletas e para o futuro\u201d no I Congresso Brasileiro da Associa\u00e7\u00e3o Nacional dos Detrans, realizado em\u00a0Foz do Igua\u00e7u em 2016.<\/p>\n<p>Confira o v\u00eddeo da palestra:<\/p>\n<p><iframe loading=\"lazy\" title=\"Congresso AND  Palestra  Cidades para bicicletas e para o futuro 720p\" width=\"580\" height=\"435\" src=\"https:\/\/www.youtube.com\/embed\/Ci_aCtWNfis?feature=oembed\" frameborder=\"0\" allow=\"accelerometer; autoplay; clipboard-write; encrypted-media; gyroscope; picture-in-picture; web-share\" referrerpolicy=\"strict-origin-when-cross-origin\" allowfullscreen><\/iframe><\/p>\n<p>Publicado originalmente em:\u00a0http:\/\/portaldotransito.com.br\/educacao\/congresso-pensa-as-cidades-do-futuro-e-mudanca-da-relacao-com-bicicletas\/<\/p>\n<p>&nbsp;<\/p>\n","protected":false},"excerpt":{"rendered":"<p>J\u00e1 pensou se voc\u00ea pudesse transitar pelas ruas da cidade de bicicleta em seguran\u00e7a, tendo economia e sem poluir o meio ambiente? O coordenador do Programa Ciclovida, Jos\u00e9 Carlos Belotto [&hellip;]<\/p>\n","protected":false},"author":106,"featured_media":0,"comment_status":"open","ping_status":"open","sticky":false,"template":"","format":"standard","meta":{"_uag_custom_page_level_css":"","ngg_post_thumbnail":0,"footnotes":""},"categories":[1],"tags":[],"class_list":["post-3950","post","type-post","status-publish","format-standard","hentry","category-noticias"],"gutentor_comment":0,"featured_image_src":"","featured_image_src_square":false,"author_info":{"display_name":"Alan Palomero","author_link":"https:\/\/ciclovida.ufpr.br\/?author=106"},"rbea_author_info":{"display_name":"Alan Palomero","author_link":"https:\/\/ciclovida.ufpr.br\/?author=106"},"rbea_excerpt_info":"J\u00e1 pensou se voc\u00ea pudesse transitar pelas ruas da cidade de bicicleta em seguran\u00e7a, tendo economia e sem poluir o meio ambiente? O coordenador do Programa Ciclovida, Jos\u00e9 Carlos Belotto [&hellip;]","category_list":"<a href=\"https:\/\/ciclovida.ufpr.br\/?cat=1\" rel=\"category\">Not\u00edcias<\/a>","comments_num":"0 comments","uagb_featured_image_src":{"full":false,"thumbnail":false,"medium":false,"medium_large":false,"large":false,"1536x1536":false,"2048x2048":false,"post-thumbnail":false,"twentytwenty-fullscreen":false},"uagb_author_info":{"display_name":"Alan Palomero","author_link":"https:\/\/ciclovida.ufpr.br\/?author=106"},"uagb_comment_info":0,"uagb_excerpt":"J\u00e1 pensou se voc\u00ea pudesse transitar pelas ruas da cidade de bicicleta em seguran\u00e7a, tendo economia e sem poluir o meio ambiente? O coordenador do Programa Ciclovida, Jos\u00e9 Carlos Belotto [&hellip;]","wps_subtitle":"","_links":{"self":[{"href":"https:\/\/ciclovida.ufpr.br\/index.php?rest_route=\/wp\/v2\/posts\/3950","targetHints":{"allow":["GET"]}}],"collection":[{"href":"https:\/\/ciclovida.ufpr.br\/index.php?rest_route=\/wp\/v2\/posts"}],"about":[{"href":"https:\/\/ciclovida.ufpr.br\/index.php?rest_route=\/wp\/v2\/types\/post"}],"author":[{"embeddable":true,"href":"https:\/\/ciclovida.ufpr.br\/index.php?rest_route=\/wp\/v2\/users\/106"}],"replies":[{"embeddable":true,"href":"https:\/\/ciclovida.ufpr.br\/index.php?rest_route=%2Fwp%2Fv2%2Fcomments&post=3950"}],"version-history":[{"count":1,"href":"https:\/\/ciclovida.ufpr.br\/index.php?rest_route=\/wp\/v2\/posts\/3950\/revisions"}],"predecessor-version":[{"id":3951,"href":"https:\/\/ciclovida.ufpr.br\/index.php?rest_route=\/wp\/v2\/posts\/3950\/revisions\/3951"}],"wp:attachment":[{"href":"https:\/\/ciclovida.ufpr.br\/index.php?rest_route=%2Fwp%2Fv2%2Fmedia&parent=3950"}],"wp:term":[{"taxonomy":"category","embeddable":true,"href":"https:\/\/ciclovida.ufpr.br\/index.php?rest_route=%2Fwp%2Fv2%2Fcategories&post=3950"},{"taxonomy":"post_tag","embeddable":true,"href":"https:\/\/ciclovida.ufpr.br\/index.php?rest_route=%2Fwp%2Fv2%2Ftags&post=3950"}],"curies":[{"name":"wp","href":"https:\/\/api.w.org\/{rel}","templated":true}]}}