{"id":3946,"date":"2017-07-13T17:08:50","date_gmt":"2017-07-13T20:08:50","guid":{"rendered":"https:\/\/ciclovida.ufpr.br\/?p=3946"},"modified":"2017-07-13T17:08:50","modified_gmt":"2017-07-13T20:08:50","slug":"descida-da-graciosa-para-o-festival-de-inverno-de-antonina","status":"publish","type":"post","link":"https:\/\/ciclovida.ufpr.br\/?p=3946","title":{"rendered":"Descida da Graciosa para o Festival de Inverno de Antonina"},"content":{"rendered":"<p><a href=\"https:\/\/ciclovida.ufpr.br\/wp-content\/uploads\/2017\/07\/UFPR-inverno-Cicloturismo-2017.jpg\"><img loading=\"lazy\" decoding=\"async\" class=\"aligncenter  wp-image-3947\" src=\"https:\/\/ciclovida.ufpr.br\/wp-content\/uploads\/2017\/07\/UFPR-inverno-Cicloturismo-2017-724x1024.jpg\" alt=\"UFPR inverno Cicloturismo 2017\" width=\"478\" height=\"676\" srcset=\"https:\/\/ciclovida.ufpr.br\/wp-content\/uploads\/2017\/07\/UFPR-inverno-Cicloturismo-2017-724x1024.jpg 724w, https:\/\/ciclovida.ufpr.br\/wp-content\/uploads\/2017\/07\/UFPR-inverno-Cicloturismo-2017-212x300.jpg 212w, https:\/\/ciclovida.ufpr.br\/wp-content\/uploads\/2017\/07\/UFPR-inverno-Cicloturismo-2017.jpg 841w\" sizes=\"auto, (max-width: 478px) 100vw, 478px\" \/><\/a><\/p>\n<p>&nbsp;<\/p>\n<p>Neste domingo (16) acontece a nossa descida da Graciosa para o Festival de Inverno de Antonina. O trajeto \u00e9 de 90km.<\/p>\n<p>A concentra\u00e7\u00e3o ser\u00e1 \u00e0s 6:00h na Asufepar (Rua Carlos Pradi n\u00ba18, anexo ao Centro Polit\u00e9cnico). A sa\u00edda ser\u00e1 as 6:30h.<\/p>\n<p>Contamos com carro de apoio para a descida e 80 vagas para a volta em \u00f4nibus da UFPR.<\/p>\n<p>A inscri\u00e7\u00e3o deve ser pr\u00e9via, na BIKESUL (doa\u00e7\u00e3o de 2kg de alimentos n\u00e3o perec\u00edveis).<\/p>\n<p>A sa\u00edda de Antonina esta prevista para as 17h, e o retorno a Curitiba para as 19h.<\/p>\n<p>A bicicleta indicada para a descida \u00e9 montain bike. Alguns itens importantes para levar s\u00e3o \u00e1gua, repelente, protetor solar, lanche e uma c\u00e2mara reserva. O uso de capacete \u00e9 obrigat\u00f3rio.<\/p>\n<p>Esperamos voc\u00ea!<\/p>\n","protected":false},"excerpt":{"rendered":"<p>&nbsp; Neste domingo (16) acontece a nossa descida da Graciosa para o Festival de Inverno de Antonina. O trajeto \u00e9 de 90km. A concentra\u00e7\u00e3o ser\u00e1 \u00e0s 6:00h na Asufepar (Rua [&hellip;]<\/p>\n","protected":false},"author":106,"featured_media":0,"comment_status":"open","ping_status":"open","sticky":false,"template":"","format":"standard","meta":{"_uag_custom_page_level_css":"","ngg_post_thumbnail":0,"footnotes":""},"categories":[6],"tags":[],"class_list":["post-3946","post","type-post","status-publish","format-standard","hentry","category-eventos"],"gutentor_comment":0,"featured_image_src":"","featured_image_src_square":false,"author_info":{"display_name":"Alan Palomero","author_link":"https:\/\/ciclovida.ufpr.br\/?author=106"},"rbea_author_info":{"display_name":"Alan Palomero","author_link":"https:\/\/ciclovida.ufpr.br\/?author=106"},"rbea_excerpt_info":"&nbsp; Neste domingo (16) acontece a nossa descida da Graciosa para o Festival de Inverno de Antonina. O trajeto \u00e9 de 90km. A concentra\u00e7\u00e3o ser\u00e1 \u00e0s 6:00h na Asufepar (Rua [&hellip;]","category_list":"<a href=\"https:\/\/ciclovida.ufpr.br\/?cat=6\" rel=\"category\">Eventos<\/a>","comments_num":"0 comments","uagb_featured_image_src":{"full":false,"thumbnail":false,"medium":false,"medium_large":false,"large":false,"1536x1536":false,"2048x2048":false,"post-thumbnail":false,"twentytwenty-fullscreen":false},"uagb_author_info":{"display_name":"Alan Palomero","author_link":"https:\/\/ciclovida.ufpr.br\/?author=106"},"uagb_comment_info":0,"uagb_excerpt":"&nbsp; Neste domingo (16) acontece a nossa descida da Graciosa para o Festival de Inverno de Antonina. O trajeto \u00e9 de 90km. A concentra\u00e7\u00e3o ser\u00e1 \u00e0s 6:00h na Asufepar (Rua [&hellip;]","wps_subtitle":"","_links":{"self":[{"href":"https:\/\/ciclovida.ufpr.br\/index.php?rest_route=\/wp\/v2\/posts\/3946","targetHints":{"allow":["GET"]}}],"collection":[{"href":"https:\/\/ciclovida.ufpr.br\/index.php?rest_route=\/wp\/v2\/posts"}],"about":[{"href":"https:\/\/ciclovida.ufpr.br\/index.php?rest_route=\/wp\/v2\/types\/post"}],"author":[{"embeddable":true,"href":"https:\/\/ciclovida.ufpr.br\/index.php?rest_route=\/wp\/v2\/users\/106"}],"replies":[{"embeddable":true,"href":"https:\/\/ciclovida.ufpr.br\/index.php?rest_route=%2Fwp%2Fv2%2Fcomments&post=3946"}],"version-history":[{"count":1,"href":"https:\/\/ciclovida.ufpr.br\/index.php?rest_route=\/wp\/v2\/posts\/3946\/revisions"}],"predecessor-version":[{"id":3948,"href":"https:\/\/ciclovida.ufpr.br\/index.php?rest_route=\/wp\/v2\/posts\/3946\/revisions\/3948"}],"wp:attachment":[{"href":"https:\/\/ciclovida.ufpr.br\/index.php?rest_route=%2Fwp%2Fv2%2Fmedia&parent=3946"}],"wp:term":[{"taxonomy":"category","embeddable":true,"href":"https:\/\/ciclovida.ufpr.br\/index.php?rest_route=%2Fwp%2Fv2%2Fcategories&post=3946"},{"taxonomy":"post_tag","embeddable":true,"href":"https:\/\/ciclovida.ufpr.br\/index.php?rest_route=%2Fwp%2Fv2%2Ftags&post=3946"}],"curies":[{"name":"wp","href":"https:\/\/api.w.org\/{rel}","templated":true}]}}