{"id":3851,"date":"2016-11-23T17:23:05","date_gmt":"2016-11-23T20:23:05","guid":{"rendered":"https:\/\/ciclovida.ufpr.br\/?p=3851"},"modified":"2016-11-23T17:23:05","modified_gmt":"2016-11-23T20:23:05","slug":"governo-empossa-integrantes-do-conselho-de-ciclomobilidade","status":"publish","type":"post","link":"https:\/\/ciclovida.ufpr.br\/?p=3851","title":{"rendered":"Governo empossa integrantes do Conselho de Ciclomobilidade"},"content":{"rendered":"<p>O secret\u00e1rio estadual do Meio Ambiente e Recursos H\u00eddricos, Antonio Carlos Bonetti, deu posse nesta segunda-feira (21) aos conselheiros do Programa Estadual Ciclo Paran\u00e1 (Conciclo). A posse aconteceu no Plenarinho da Assembleia Legislativa do Estado do Paran\u00e1.<\/p>\n<p>O Conciclo conta com representantes de secretarias estaduais e institui\u00e7\u00f5es estaduais, universidades p\u00fablicas e organiza\u00e7\u00f5es da sociedade civil. Os integrantes agora v\u00e3o discutir a\u00e7\u00f5es e planejamento para implementa\u00e7\u00e3o do Programa Ciclo Paran\u00e1, criado em 2015 pelo Governo do Estado para estimular o uso da bicicleta como meio de transporte, pr\u00e1tica esportiva e de lazer.<\/p>\n<figure id=\"attachment_3853\" aria-describedby=\"caption-attachment-3853\" style=\"width: 604px\" class=\"wp-caption aligncenter\"><a href=\"https:\/\/ciclovida.ufpr.br\/wp-content\/uploads\/2016\/11\/30788020530_18fd6f88b8_k.jpg\"><img loading=\"lazy\" decoding=\"async\" class=\" wp-image-3853\" src=\"https:\/\/ciclovida.ufpr.br\/wp-content\/uploads\/2016\/11\/30788020530_18fd6f88b8_k-1024x682.jpg\" alt=\"O secret\u00e1rio estadual do Meio Ambiente e Recursos H\u00eddricos, Antonio Carlos Bonetti, deu posse nesta segunda-feira (21) aos conselheiros do Programa Estadual Ciclo Paran\u00e1 (Conciclo). A posse aconteceu no Plenarinho da Assembleia Legislativa do Estado do Paran\u00e1. Curitiba, 21\/11\/2016. Foto: ALEP\" width=\"604\" height=\"402\" srcset=\"https:\/\/ciclovida.ufpr.br\/wp-content\/uploads\/2016\/11\/30788020530_18fd6f88b8_k-1024x682.jpg 1024w, https:\/\/ciclovida.ufpr.br\/wp-content\/uploads\/2016\/11\/30788020530_18fd6f88b8_k-300x200.jpg 300w, https:\/\/ciclovida.ufpr.br\/wp-content\/uploads\/2016\/11\/30788020530_18fd6f88b8_k.jpg 2048w\" sizes=\"auto, (max-width: 604px) 100vw, 604px\" \/><\/a><figcaption id=\"caption-attachment-3853\" class=\"wp-caption-text\">O secret\u00e1rio estadual do Meio Ambiente e Recursos H\u00eddricos, Antonio Carlos Bonetti, deu posse nesta segunda-feira (21) aos conselheiros do Programa Estadual Ciclo Paran\u00e1 (Conciclo). A posse aconteceu no Plenarinho da Assembleia Legislativa do Estado do Paran\u00e1.<br \/>Curitiba, 21\/11\/2016.<br \/>Foto: ALEP<\/figcaption><\/figure>\n<p>A ideia \u00e9 desenvolver tamb\u00e9m a cidadania, a seguran\u00e7a vi\u00e1ria, a sa\u00fade e a educa\u00e7\u00e3o no tr\u00e2nsito. O Ciclo Paran\u00e1 \u00e9 coordenado pela Sema e envolve diversas \u00e1reas do governo, entre elas Educa\u00e7\u00e3o, Seguran\u00e7a, Detran, Comec e outras.<\/p>\n<p>\u201cA parceria e a articula\u00e7\u00e3o com a sociedade e os munic\u00edpios ser\u00e1 fundamental para um programa dessa natureza. O Conciclo ter\u00e1 a tarefa de discutir e planejar as a\u00e7\u00f5es para o sucesso do programa\u201d, destacou Bonetti.<\/p>\n<p>O conselheiro Jos\u00e9 Carlos Belotto, da Universidade Federal do Paran\u00e1, destacou o apoio da Secretaria e afirmou que \u00e9 necess\u00e1rio preparar para 2017 um diagn\u00f3stico da situa\u00e7\u00e3o do uso da bicicleta no estado. \u201cO Conciclo j\u00e1 vinha trabalhando de maneira informal, mas agora a responsabilidade aumenta e tamb\u00e9m a motiva\u00e7\u00e3o e uma das principais medidas que devemos ter \u00e9 um diagn\u00f3stico que mostre os usos, a infraestrutura, os grupos e outros detalhes de como est\u00e1 a ciclomobilidade no estado todo. Esse trabalho servir\u00e1 para direcionar melhor o planejamento das a\u00e7\u00f5es\u201d, afirmou Belotto.<\/p>\n<figure id=\"attachment_3852\" aria-describedby=\"caption-attachment-3852\" style=\"width: 601px\" class=\"wp-caption aligncenter\"><a href=\"https:\/\/ciclovida.ufpr.br\/wp-content\/uploads\/2016\/11\/30348500853_e4548c18e4_o.jpg\"><img loading=\"lazy\" decoding=\"async\" class=\" wp-image-3852\" src=\"https:\/\/ciclovida.ufpr.br\/wp-content\/uploads\/2016\/11\/30348500853_e4548c18e4_o-1024x681.jpg\" alt=\"O secret\u00e1rio estadual do Meio Ambiente e Recursos H\u00eddricos, Antonio Carlos Bonetti, deu posse nesta segunda-feira (21) aos conselheiros do Programa Estadual Ciclo Paran\u00e1 (Conciclo). A posse aconteceu no Plenarinho da Assembleia Legislativa do Estado do Paran\u00e1. Curitiba, 21\/11\/2016. Foto: ALEP\" width=\"601\" height=\"400\" srcset=\"https:\/\/ciclovida.ufpr.br\/wp-content\/uploads\/2016\/11\/30348500853_e4548c18e4_o-1024x681.jpg 1024w, https:\/\/ciclovida.ufpr.br\/wp-content\/uploads\/2016\/11\/30348500853_e4548c18e4_o-300x200.jpg 300w\" sizes=\"auto, (max-width: 601px) 100vw, 601px\" \/><\/a><figcaption id=\"caption-attachment-3852\" class=\"wp-caption-text\">O secret\u00e1rio estadual do Meio Ambiente e Recursos H\u00eddricos, Antonio Carlos Bonetti, deu posse nesta segunda-feira (21) aos conselheiros do Programa Estadual Ciclo Paran\u00e1 (Conciclo). A posse aconteceu no Plenarinho da Assembleia Legislativa do Estado do Paran\u00e1.<br \/>Curitiba, 21\/11\/2016.<br \/>Foto: ALEP<\/figcaption><\/figure>\n<p>O evento da posse tamb\u00e9m celebrou a lei do deputado Jos\u00e9 Carlos Schiavinato, que institui a pol\u00edtica de mobilidade sustent\u00e1vel e incentivo ao uso da bicicleta no estado.<\/p>\n<p>Durante a posse dos conselheiros, a aluna Eduarda Kotoski de Lima, do Col\u00e9gio Estadual Dona Carola, de Curitiba, recebeu uma das dez bicicletas sorteadas num evento sobre educa\u00e7\u00e3o no tr\u00e2nsito, realizado no Museu Oscar Niemeyer. As bicicletas foram oferecidas pelo \u201cInstituto Sou Cidad\u00e3o\u201d.<\/p>\n<figure id=\"attachment_3854\" aria-describedby=\"caption-attachment-3854\" style=\"width: 599px\" class=\"wp-caption aligncenter\"><a href=\"https:\/\/ciclovida.ufpr.br\/wp-content\/uploads\/2016\/11\/31155884715_0fab796d5e_k.jpg\"><img loading=\"lazy\" decoding=\"async\" class=\" wp-image-3854\" src=\"https:\/\/ciclovida.ufpr.br\/wp-content\/uploads\/2016\/11\/31155884715_0fab796d5e_k-1024x682.jpg\" alt=\"O secret\u00e1rio estadual do Meio Ambiente e Recursos H\u00eddricos, Antonio Carlos Bonetti, deu posse nesta segunda-feira (21) aos conselheiros do Programa Estadual Ciclo Paran\u00e1 (Conciclo). A posse aconteceu no Plenarinho da Assembleia Legislativa do Estado do Paran\u00e1. Curitiba, 21\/11\/2016. Foto: ALEP\" width=\"599\" height=\"399\" srcset=\"https:\/\/ciclovida.ufpr.br\/wp-content\/uploads\/2016\/11\/31155884715_0fab796d5e_k-1024x682.jpg 1024w, https:\/\/ciclovida.ufpr.br\/wp-content\/uploads\/2016\/11\/31155884715_0fab796d5e_k-300x200.jpg 300w, https:\/\/ciclovida.ufpr.br\/wp-content\/uploads\/2016\/11\/31155884715_0fab796d5e_k.jpg 2048w\" sizes=\"auto, (max-width: 599px) 100vw, 599px\" \/><\/a><figcaption id=\"caption-attachment-3854\" class=\"wp-caption-text\">O secret\u00e1rio estadual do Meio Ambiente e Recursos H\u00eddricos, Antonio Carlos Bonetti, deu posse nesta segunda-feira (21) aos conselheiros do Programa Estadual Ciclo Paran\u00e1 (Conciclo). A posse aconteceu no Plenarinho da Assembleia Legislativa do Estado do Paran\u00e1.<br \/>Curitiba, 21\/11\/2016.<br \/>Foto: ALEP<\/figcaption><\/figure>\n<p>Estiveram presentes ainda o c\u00f4nsul-geral do Reino dos Pa\u00edses Baixos (Holanda), Robert Willem Ruijter; M\u00e1rio Celso Cunha, assessor da Sanepar; Cezar Augusto Romano, diretor da UTPFR-Curitiba, Alo\u00edsio Nunes, da Secretaria Estadual de Educa\u00e7\u00e3o, Paulo Correa do Instituto Sou Cidad\u00e3o; e a coordenadora do Ciclo Paran\u00e1, Daniela Miranda.<\/p>\n<p>O Programa Ciclovida est\u00e1 representado no Conselho com a participa\u00e7\u00e3o dos seus coordenadores Jos\u00e9 Carlos Assun\u00e7\u00e3o Belotto e Prof\u00ba Ken Ono Fonseca.<\/p>\n<figure id=\"attachment_3855\" aria-describedby=\"caption-attachment-3855\" style=\"width: 599px\" class=\"wp-caption aligncenter\"><a href=\"https:\/\/ciclovida.ufpr.br\/wp-content\/uploads\/2016\/11\/31155890255_b738f782df_z.jpg\"><img loading=\"lazy\" decoding=\"async\" class=\" wp-image-3855\" src=\"https:\/\/ciclovida.ufpr.br\/wp-content\/uploads\/2016\/11\/31155890255_b738f782df_z.jpg\" alt=\"O secret\u00e1rio estadual do Meio Ambiente e Recursos H\u00eddricos, Antonio Carlos Bonetti, deu posse nesta segunda-feira (21) aos conselheiros do Programa Estadual Ciclo Paran\u00e1 (Conciclo). A posse aconteceu no Plenarinho da Assembleia Legislativa do Estado do Paran\u00e1. Curitiba, 21\/11\/2016. Foto: ALEP\" width=\"599\" height=\"399\" srcset=\"https:\/\/ciclovida.ufpr.br\/wp-content\/uploads\/2016\/11\/31155890255_b738f782df_z.jpg 640w, https:\/\/ciclovida.ufpr.br\/wp-content\/uploads\/2016\/11\/31155890255_b738f782df_z-300x200.jpg 300w\" sizes=\"auto, (max-width: 599px) 100vw, 599px\" \/><\/a><figcaption id=\"caption-attachment-3855\" class=\"wp-caption-text\">O secret\u00e1rio estadual do Meio Ambiente e Recursos H\u00eddricos, Antonio Carlos Bonetti, deu posse nesta segunda-feira (21) aos conselheiros do Programa Estadual Ciclo Paran\u00e1 (Conciclo). A posse aconteceu no Plenarinho da Assembleia Legislativa do Estado do Paran\u00e1.<br \/>Curitiba, 21\/11\/2016.<br \/>Foto: ALEP<\/figcaption><\/figure>\n<p>Saiba mais sobre o trabalho do Governo do Estado em:<br \/>\n<a href=\"http:\/\/www.facebook.com\/governopr\">http:\/\/\/www.facebook.com\/governopr<\/a>\u00a0e <a href=\"http:\/\/www.pr.gov.br\/\">www.pr.gov.br<\/a><\/p>\n<p>Mat\u00e9ria originalmente postada em:\u00a0http:\/\/www.aen.pr.gov.br\/modules\/noticias\/article.php?storyid=91686&amp;tit=Governo-empossa-integrantes-do-Conselho-de-Ciclomobilidade<\/p>\n","protected":false},"excerpt":{"rendered":"<p>O secret\u00e1rio estadual do Meio Ambiente e Recursos H\u00eddricos, Antonio Carlos Bonetti, deu posse nesta segunda-feira (21) aos conselheiros do Programa Estadual Ciclo Paran\u00e1 (Conciclo). A posse aconteceu no Plenarinho [&hellip;]<\/p>\n","protected":false},"author":106,"featured_media":0,"comment_status":"open","ping_status":"open","sticky":false,"template":"","format":"standard","meta":{"_uag_custom_page_level_css":"","ngg_post_thumbnail":0,"footnotes":""},"categories":[5,6,1],"tags":[],"class_list":["post-3851","post","type-post","status-publish","format-standard","hentry","category-biblioteca","category-eventos","category-noticias"],"gutentor_comment":0,"featured_image_src":"","featured_image_src_square":false,"author_info":{"display_name":"Alan Palomero","author_link":"https:\/\/ciclovida.ufpr.br\/?author=106"},"rbea_author_info":{"display_name":"Alan Palomero","author_link":"https:\/\/ciclovida.ufpr.br\/?author=106"},"rbea_excerpt_info":"O secret\u00e1rio estadual do Meio Ambiente e Recursos H\u00eddricos, Antonio Carlos Bonetti, deu posse nesta segunda-feira (21) aos conselheiros do Programa Estadual Ciclo Paran\u00e1 (Conciclo). A posse aconteceu no Plenarinho [&hellip;]","category_list":"<a href=\"https:\/\/ciclovida.ufpr.br\/?cat=5\" rel=\"category\">Biblioteca<\/a>, <a href=\"https:\/\/ciclovida.ufpr.br\/?cat=6\" rel=\"category\">Eventos<\/a>, <a href=\"https:\/\/ciclovida.ufpr.br\/?cat=1\" rel=\"category\">Not\u00edcias<\/a>","comments_num":"0 comments","uagb_featured_image_src":{"full":false,"thumbnail":false,"medium":false,"medium_large":false,"large":false,"1536x1536":false,"2048x2048":false,"post-thumbnail":false,"twentytwenty-fullscreen":false},"uagb_author_info":{"display_name":"Alan Palomero","author_link":"https:\/\/ciclovida.ufpr.br\/?author=106"},"uagb_comment_info":0,"uagb_excerpt":"O secret\u00e1rio estadual do Meio Ambiente e Recursos H\u00eddricos, Antonio Carlos Bonetti, deu posse nesta segunda-feira (21) aos conselheiros do Programa Estadual Ciclo Paran\u00e1 (Conciclo). A posse aconteceu no Plenarinho [&hellip;]","wps_subtitle":"","_links":{"self":[{"href":"https:\/\/ciclovida.ufpr.br\/index.php?rest_route=\/wp\/v2\/posts\/3851","targetHints":{"allow":["GET"]}}],"collection":[{"href":"https:\/\/ciclovida.ufpr.br\/index.php?rest_route=\/wp\/v2\/posts"}],"about":[{"href":"https:\/\/ciclovida.ufpr.br\/index.php?rest_route=\/wp\/v2\/types\/post"}],"author":[{"embeddable":true,"href":"https:\/\/ciclovida.ufpr.br\/index.php?rest_route=\/wp\/v2\/users\/106"}],"replies":[{"embeddable":true,"href":"https:\/\/ciclovida.ufpr.br\/index.php?rest_route=%2Fwp%2Fv2%2Fcomments&post=3851"}],"version-history":[{"count":1,"href":"https:\/\/ciclovida.ufpr.br\/index.php?rest_route=\/wp\/v2\/posts\/3851\/revisions"}],"predecessor-version":[{"id":3856,"href":"https:\/\/ciclovida.ufpr.br\/index.php?rest_route=\/wp\/v2\/posts\/3851\/revisions\/3856"}],"wp:attachment":[{"href":"https:\/\/ciclovida.ufpr.br\/index.php?rest_route=%2Fwp%2Fv2%2Fmedia&parent=3851"}],"wp:term":[{"taxonomy":"category","embeddable":true,"href":"https:\/\/ciclovida.ufpr.br\/index.php?rest_route=%2Fwp%2Fv2%2Fcategories&post=3851"},{"taxonomy":"post_tag","embeddable":true,"href":"https:\/\/ciclovida.ufpr.br\/index.php?rest_route=%2Fwp%2Fv2%2Ftags&post=3851"}],"curies":[{"name":"wp","href":"https:\/\/api.w.org\/{rel}","templated":true}]}}