{"id":3844,"date":"2016-11-19T13:19:33","date_gmt":"2016-11-19T16:19:33","guid":{"rendered":"https:\/\/ciclovida.ufpr.br\/?p=3844"},"modified":"2016-11-19T13:19:33","modified_gmt":"2016-11-19T16:19:33","slug":"5o-seminario-interno-do-programa-ciclovida-22112016","status":"publish","type":"post","link":"https:\/\/ciclovida.ufpr.br\/?p=3844","title":{"rendered":"5\u00ba Semin\u00e1rio Interno do Programa Ciclovida &#8211; 22\/11\/2016"},"content":{"rendered":"<p><a href=\"https:\/\/ciclovida.ufpr.br\/wp-content\/uploads\/2016\/11\/p1b1ukka32vj1g90i33h9169141.jpg\"><img loading=\"lazy\" decoding=\"async\" class=\"aligncenter  wp-image-3847\" src=\"https:\/\/ciclovida.ufpr.br\/wp-content\/uploads\/2016\/11\/p1b1ukka32vj1g90i33h9169141-1024x768.jpg\" alt=\"p1b1ukka32vj1g90i33h916914\" width=\"607\" height=\"455\" srcset=\"https:\/\/ciclovida.ufpr.br\/wp-content\/uploads\/2016\/11\/p1b1ukka32vj1g90i33h9169141-1024x768.jpg 1024w, https:\/\/ciclovida.ufpr.br\/wp-content\/uploads\/2016\/11\/p1b1ukka32vj1g90i33h9169141-300x225.jpg 300w\" sizes=\"auto, (max-width: 607px) 100vw, 607px\" \/><\/a><\/p>\n<p>&nbsp;<\/p>\n<p>Na pr\u00f3xima ter\u00e7a-feira (22), acontece o 5\u00ba Semin\u00e1rio Interno do Programa Ciclovida. Durante o semin\u00e1rio ocorrer\u00e3o cerca de 20 apresenta\u00e7\u00f5es de trabalhos (programa\u00e7\u00e3o em breve) de temas ligados \u00e0 ciclo mobilidade, e uma confraterniza\u00e7\u00e3o.<\/p>\n<p>O semin\u00e1rio come\u00e7a a partir das 18h, no Sal\u00e3o de Festas II da ASUFEPAR, na Rua Carlos Pradi, 18, Jardim das Am\u00e9ricas.<\/p>\n<p>Contamos com sua presen\u00e7a!<\/p>\n","protected":false},"excerpt":{"rendered":"<p>&nbsp; Na pr\u00f3xima ter\u00e7a-feira (22), acontece o 5\u00ba Semin\u00e1rio Interno do Programa Ciclovida. Durante o semin\u00e1rio ocorrer\u00e3o cerca de 20 apresenta\u00e7\u00f5es de trabalhos (programa\u00e7\u00e3o em breve) de temas ligados \u00e0 [&hellip;]<\/p>\n","protected":false},"author":106,"featured_media":0,"comment_status":"open","ping_status":"open","sticky":false,"template":"","format":"standard","meta":{"_uag_custom_page_level_css":"","ngg_post_thumbnail":0,"footnotes":""},"categories":[6],"tags":[],"class_list":["post-3844","post","type-post","status-publish","format-standard","hentry","category-eventos"],"gutentor_comment":0,"featured_image_src":"","featured_image_src_square":false,"author_info":{"display_name":"Alan Palomero","author_link":"https:\/\/ciclovida.ufpr.br\/?author=106"},"rbea_author_info":{"display_name":"Alan Palomero","author_link":"https:\/\/ciclovida.ufpr.br\/?author=106"},"rbea_excerpt_info":"&nbsp; Na pr\u00f3xima ter\u00e7a-feira (22), acontece o 5\u00ba Semin\u00e1rio Interno do Programa Ciclovida. Durante o semin\u00e1rio ocorrer\u00e3o cerca de 20 apresenta\u00e7\u00f5es de trabalhos (programa\u00e7\u00e3o em breve) de temas ligados \u00e0 [&hellip;]","category_list":"<a href=\"https:\/\/ciclovida.ufpr.br\/?cat=6\" rel=\"category\">Eventos<\/a>","comments_num":"0 comments","uagb_featured_image_src":{"full":false,"thumbnail":false,"medium":false,"medium_large":false,"large":false,"1536x1536":false,"2048x2048":false,"post-thumbnail":false,"twentytwenty-fullscreen":false},"uagb_author_info":{"display_name":"Alan Palomero","author_link":"https:\/\/ciclovida.ufpr.br\/?author=106"},"uagb_comment_info":0,"uagb_excerpt":"&nbsp; Na pr\u00f3xima ter\u00e7a-feira (22), acontece o 5\u00ba Semin\u00e1rio Interno do Programa Ciclovida. Durante o semin\u00e1rio ocorrer\u00e3o cerca de 20 apresenta\u00e7\u00f5es de trabalhos (programa\u00e7\u00e3o em breve) de temas ligados \u00e0 [&hellip;]","wps_subtitle":"","_links":{"self":[{"href":"https:\/\/ciclovida.ufpr.br\/index.php?rest_route=\/wp\/v2\/posts\/3844","targetHints":{"allow":["GET"]}}],"collection":[{"href":"https:\/\/ciclovida.ufpr.br\/index.php?rest_route=\/wp\/v2\/posts"}],"about":[{"href":"https:\/\/ciclovida.ufpr.br\/index.php?rest_route=\/wp\/v2\/types\/post"}],"author":[{"embeddable":true,"href":"https:\/\/ciclovida.ufpr.br\/index.php?rest_route=\/wp\/v2\/users\/106"}],"replies":[{"embeddable":true,"href":"https:\/\/ciclovida.ufpr.br\/index.php?rest_route=%2Fwp%2Fv2%2Fcomments&post=3844"}],"version-history":[{"count":4,"href":"https:\/\/ciclovida.ufpr.br\/index.php?rest_route=\/wp\/v2\/posts\/3844\/revisions"}],"predecessor-version":[{"id":3850,"href":"https:\/\/ciclovida.ufpr.br\/index.php?rest_route=\/wp\/v2\/posts\/3844\/revisions\/3850"}],"wp:attachment":[{"href":"https:\/\/ciclovida.ufpr.br\/index.php?rest_route=%2Fwp%2Fv2%2Fmedia&parent=3844"}],"wp:term":[{"taxonomy":"category","embeddable":true,"href":"https:\/\/ciclovida.ufpr.br\/index.php?rest_route=%2Fwp%2Fv2%2Fcategories&post=3844"},{"taxonomy":"post_tag","embeddable":true,"href":"https:\/\/ciclovida.ufpr.br\/index.php?rest_route=%2Fwp%2Fv2%2Ftags&post=3844"}],"curies":[{"name":"wp","href":"https:\/\/api.w.org\/{rel}","templated":true}]}}