{"id":383,"date":"2011-08-01T11:32:44","date_gmt":"2011-08-01T14:32:44","guid":{"rendered":"https:\/\/ciclovida.ufpr.br\/?p=383"},"modified":"2013-06-30T16:59:37","modified_gmt":"2013-06-30T19:59:37","slug":"prefeito-recebe-a-associacao-dos-ciclistas-e-define-politicas-de-apoio","status":"publish","type":"post","link":"https:\/\/ciclovida.ufpr.br\/?p=383","title":{"rendered":"Prefeito Recebe a Associa\u00e7\u00e3o dos Ciclistas e Define Pol\u00edticas de Apoio"},"content":{"rendered":"<p>O prefeito Luciano Ducci determinou, nesta quarta-feira (28), a cria\u00e7\u00e3o de uma C\u00e2mara T\u00e9cnica para debater pol\u00edticas e a\u00e7\u00f5es de suporte \u00e0 mobilidade segura de ciclistas em Curitiba. \u201cTemos toda a simpatia \u00e0 causa da bicicleta. Vamos debater de forma conjunta os projetos de interesse da sociedade, para melhorar cada vez mais a rela\u00e7\u00e3o da cidade com os cliclistas\u201d, disse o prefeito que definiu ainda a inclus\u00e3o da bicicleta no projeto de revitaliza\u00e7\u00e3o da avenida C\u00e2ndido de Abreu, no Centro C\u00edvico, e a implanta\u00e7\u00e3o de paraciclos nas ruas da cidadania e terminais de transporte.<\/p>\n<p>A cria\u00e7\u00e3o da C\u00e2mara T\u00e9cnica ser\u00e1 votada na manh\u00e3 desta quinta-feira (29) na reuni\u00e3o do Conselho da Cidade de Curitiba (Concitiba), no audit\u00f3rio do Instituto de Pesquisa e Planejamento Urbano de Curitiba (Ippuc).<\/p>\n<p>Os an\u00fancios do prefeito foram feitos na tarde desta quarta, em audi\u00eancia no gabinete, com a Associa\u00e7\u00e3o dos Ciclistas do Alto Igua\u00e7u.\u00a0 Na opini\u00e3o de Jorge Brand, presidente da associa\u00e7\u00e3o, a decis\u00e3o por pol\u00edticas e projetos \u00e0 ciclomobilidade representam um avan\u00e7o para Curitiba. \u201c\u00c9 um momento hist\u00f3rico realmente, pois a C\u00e2mara T\u00e9cnica \u00e9 um dos itens mais importantes dentro dos nossos pedidos, pois teremos voz ativa nos debates sobre a inclus\u00e3o da bicicleta nos projetos de mobilidade urbana\u201d, disse Brand.<\/p>\n<p><strong>Paraciclos &#8211;<\/strong> Al\u00e9m da C\u00e2mara T\u00e9cnica, Luciano Ducci determinou a instala\u00e7\u00e3o de paraciclos nas Ruas das Cidadanias e nos Terminais de \u00d4nibus, al\u00e9m de um levantamento da real situa\u00e7\u00e3o da malha de ciclovias da cidade. \u201cO estudo dar\u00e1 a dimens\u00e3o das necessidades de reformas e melhorias dessas ciclovias e, principalmente, do recurso que ser\u00e1 preciso investir\u201d, disse o presidente do Ippuc, Cl\u00e9ver de Almeida. Outro determina\u00e7\u00e3o de Luciano Ducci \u00e9 a da inclus\u00e3o da bicicleta no projeto de revitaliza\u00e7\u00e3o da avenida C\u00e2ndido de Abreu, no Centro C\u00edvico. \u201cIsso demonstra o reconhecimento do poder p\u00fablico da import\u00e2ncia de inserir o ciclista no contexto da mobilidade da cidade. Estamos muito satisfeitos\u201d, declarou Brand.<\/p>\n<p>A Associa\u00e7\u00e3o e o prefeito debateram ainda a\u00e7\u00f5es conjuntas entre ciclistas e Prefeitura para educa\u00e7\u00e3o no tr\u00e2nsito. Tamb\u00e9m participaram da audi\u00eancia os secret\u00e1rios municipais do Esporte, Lazer e Juventude, Marcello Richa, e do Governo, Luiz Fernando Jamur.<\/p>\nngg_shortcode_0_placeholder\n","protected":false},"excerpt":{"rendered":"<p>O prefeito Luciano Ducci determinou, nesta quarta-feira (28), a cria\u00e7\u00e3o de uma C\u00e2mara T\u00e9cnica para debater pol\u00edticas e a\u00e7\u00f5es de suporte \u00e0 mobilidade segura de ciclistas em Curitiba. \u201cTemos toda [&hellip;]<\/p>\n","protected":false},"author":2,"featured_media":0,"comment_status":"open","ping_status":"open","sticky":false,"template":"","format":"standard","meta":{"_uag_custom_page_level_css":"","ngg_post_thumbnail":0,"footnotes":""},"categories":[17,1],"tags":[],"class_list":["post-383","post","type-post","status-publish","format-standard","hentry","category-clipping","category-noticias"],"gutentor_comment":2,"featured_image_src":"","featured_image_src_square":false,"author_info":{"display_name":"Ciclovida","author_link":"https:\/\/ciclovida.ufpr.br\/?author=2"},"rbea_author_info":{"display_name":"Ciclovida","author_link":"https:\/\/ciclovida.ufpr.br\/?author=2"},"rbea_excerpt_info":"O prefeito Luciano Ducci determinou, nesta quarta-feira (28), a cria\u00e7\u00e3o de uma C\u00e2mara T\u00e9cnica para debater pol\u00edticas e a\u00e7\u00f5es de suporte \u00e0 mobilidade segura de ciclistas em Curitiba. \u201cTemos toda [&hellip;]","category_list":"<a href=\"https:\/\/ciclovida.ufpr.br\/?cat=17\" rel=\"category\">Clipping<\/a>, <a href=\"https:\/\/ciclovida.ufpr.br\/?cat=1\" rel=\"category\">Not\u00edcias<\/a>","comments_num":"0 comments","uagb_featured_image_src":{"full":false,"thumbnail":false,"medium":false,"medium_large":false,"large":false,"1536x1536":false,"2048x2048":false,"post-thumbnail":false,"twentytwenty-fullscreen":false},"uagb_author_info":{"display_name":"Ciclovida","author_link":"https:\/\/ciclovida.ufpr.br\/?author=2"},"uagb_comment_info":2,"uagb_excerpt":"O prefeito Luciano Ducci determinou, nesta quarta-feira (28), a cria\u00e7\u00e3o de uma C\u00e2mara T\u00e9cnica para debater pol\u00edticas e a\u00e7\u00f5es de suporte \u00e0 mobilidade segura de ciclistas em Curitiba. \u201cTemos toda [&hellip;]","wps_subtitle":"","_links":{"self":[{"href":"https:\/\/ciclovida.ufpr.br\/index.php?rest_route=\/wp\/v2\/posts\/383","targetHints":{"allow":["GET"]}}],"collection":[{"href":"https:\/\/ciclovida.ufpr.br\/index.php?rest_route=\/wp\/v2\/posts"}],"about":[{"href":"https:\/\/ciclovida.ufpr.br\/index.php?rest_route=\/wp\/v2\/types\/post"}],"author":[{"embeddable":true,"href":"https:\/\/ciclovida.ufpr.br\/index.php?rest_route=\/wp\/v2\/users\/2"}],"replies":[{"embeddable":true,"href":"https:\/\/ciclovida.ufpr.br\/index.php?rest_route=%2Fwp%2Fv2%2Fcomments&post=383"}],"version-history":[{"count":5,"href":"https:\/\/ciclovida.ufpr.br\/index.php?rest_route=\/wp\/v2\/posts\/383\/revisions"}],"predecessor-version":[{"id":1523,"href":"https:\/\/ciclovida.ufpr.br\/index.php?rest_route=\/wp\/v2\/posts\/383\/revisions\/1523"}],"wp:attachment":[{"href":"https:\/\/ciclovida.ufpr.br\/index.php?rest_route=%2Fwp%2Fv2%2Fmedia&parent=383"}],"wp:term":[{"taxonomy":"category","embeddable":true,"href":"https:\/\/ciclovida.ufpr.br\/index.php?rest_route=%2Fwp%2Fv2%2Fcategories&post=383"},{"taxonomy":"post_tag","embeddable":true,"href":"https:\/\/ciclovida.ufpr.br\/index.php?rest_route=%2Fwp%2Fv2%2Ftags&post=383"}],"curies":[{"name":"wp","href":"https:\/\/api.w.org\/{rel}","templated":true}]}}