{"id":377,"date":"2011-08-01T11:23:17","date_gmt":"2011-08-01T14:23:17","guid":{"rendered":"https:\/\/ciclovida.ufpr.br\/?p=377"},"modified":"2011-08-01T11:23:52","modified_gmt":"2011-08-01T14:23:52","slug":"monografia-nos-somos-o-transito-a-apropriacao-politica-da-bicicleta-na-contemporaneidade","status":"publish","type":"post","link":"https:\/\/ciclovida.ufpr.br\/?p=377","title":{"rendered":"Monografia &#8211; N\u00f3s somos o tr\u00e2nsito: A apropria\u00e7\u00e3o politica da bicicleta na Contemporaneidade"},"content":{"rendered":"<h3>Monografia de\u00a0Rodyer Ferretti da Cruz.<\/h3>\n<p>Trabalho de Conclus\u00e3o de Curso apresentado ao Curso de Hist\u00f3ria &#8211; Faculdade de Ci\u00eancias Humanas, Letras e Artes da Universidade Tuiuti do Paran\u00e1, como requisito parcial para a obten\u00e7\u00e3o do grau de licenciatura.<\/p>\n<address>Orientador: Professor Doutor Erivan Karvat<\/address>\n<address> <\/address>\n<address> <\/address>\n<address> <\/address>\n<address> <\/address>\n<h3><\/h3>\n<h3><a href=\"wp-content\/uploads\/2011\/08\/Bike-Completo-Fechado.pdf\" target=\"_blank\">Clique aqui para visualizar.<\/a><\/h3>\n","protected":false},"excerpt":{"rendered":"<p>Monografia de\u00a0Rodyer Ferretti da Cruz. Trabalho de Conclus\u00e3o de Curso apresentado ao Curso de Hist\u00f3ria &#8211; Faculdade de Ci\u00eancias Humanas, Letras e Artes da Universidade Tuiuti do Paran\u00e1, como requisito [&hellip;]<\/p>\n","protected":false},"author":2,"featured_media":0,"comment_status":"open","ping_status":"open","sticky":false,"template":"","format":"standard","meta":{"_uag_custom_page_level_css":"","ngg_post_thumbnail":0,"footnotes":""},"categories":[5],"tags":[],"class_list":["post-377","post","type-post","status-publish","format-standard","hentry","category-biblioteca"],"gutentor_comment":1,"featured_image_src":"","featured_image_src_square":false,"author_info":{"display_name":"Ciclovida","author_link":"https:\/\/ciclovida.ufpr.br\/?author=2"},"rbea_author_info":{"display_name":"Ciclovida","author_link":"https:\/\/ciclovida.ufpr.br\/?author=2"},"rbea_excerpt_info":"Monografia de\u00a0Rodyer Ferretti da Cruz. Trabalho de Conclus\u00e3o de Curso apresentado ao Curso de Hist\u00f3ria &#8211; Faculdade de Ci\u00eancias Humanas, Letras e Artes da Universidade Tuiuti do Paran\u00e1, como requisito [&hellip;]","category_list":"<a href=\"https:\/\/ciclovida.ufpr.br\/?cat=5\" rel=\"category\">Biblioteca<\/a>","comments_num":"0 comments","uagb_featured_image_src":{"full":false,"thumbnail":false,"medium":false,"medium_large":false,"large":false,"1536x1536":false,"2048x2048":false,"post-thumbnail":false,"twentytwenty-fullscreen":false},"uagb_author_info":{"display_name":"Ciclovida","author_link":"https:\/\/ciclovida.ufpr.br\/?author=2"},"uagb_comment_info":1,"uagb_excerpt":"Monografia de\u00a0Rodyer Ferretti da Cruz. Trabalho de Conclus\u00e3o de Curso apresentado ao Curso de Hist\u00f3ria &#8211; Faculdade de Ci\u00eancias Humanas, Letras e Artes da Universidade Tuiuti do Paran\u00e1, como requisito [&hellip;]","wps_subtitle":"","_links":{"self":[{"href":"https:\/\/ciclovida.ufpr.br\/index.php?rest_route=\/wp\/v2\/posts\/377","targetHints":{"allow":["GET"]}}],"collection":[{"href":"https:\/\/ciclovida.ufpr.br\/index.php?rest_route=\/wp\/v2\/posts"}],"about":[{"href":"https:\/\/ciclovida.ufpr.br\/index.php?rest_route=\/wp\/v2\/types\/post"}],"author":[{"embeddable":true,"href":"https:\/\/ciclovida.ufpr.br\/index.php?rest_route=\/wp\/v2\/users\/2"}],"replies":[{"embeddable":true,"href":"https:\/\/ciclovida.ufpr.br\/index.php?rest_route=%2Fwp%2Fv2%2Fcomments&post=377"}],"version-history":[{"count":4,"href":"https:\/\/ciclovida.ufpr.br\/index.php?rest_route=\/wp\/v2\/posts\/377\/revisions"}],"predecessor-version":[{"id":382,"href":"https:\/\/ciclovida.ufpr.br\/index.php?rest_route=\/wp\/v2\/posts\/377\/revisions\/382"}],"wp:attachment":[{"href":"https:\/\/ciclovida.ufpr.br\/index.php?rest_route=%2Fwp%2Fv2%2Fmedia&parent=377"}],"wp:term":[{"taxonomy":"category","embeddable":true,"href":"https:\/\/ciclovida.ufpr.br\/index.php?rest_route=%2Fwp%2Fv2%2Fcategories&post=377"},{"taxonomy":"post_tag","embeddable":true,"href":"https:\/\/ciclovida.ufpr.br\/index.php?rest_route=%2Fwp%2Fv2%2Ftags&post=377"}],"curies":[{"name":"wp","href":"https:\/\/api.w.org\/{rel}","templated":true}]}}