{"id":3755,"date":"2016-09-26T16:57:03","date_gmt":"2016-09-26T19:57:03","guid":{"rendered":"https:\/\/ciclovida.ufpr.br\/?p=3755"},"modified":"2016-09-26T17:23:51","modified_gmt":"2016-09-26T20:23:51","slug":"pre-relatorio-10o-desafio-intermodal-de-curitiba","status":"publish","type":"post","link":"https:\/\/ciclovida.ufpr.br\/?p=3755","title":{"rendered":"Pr\u00e9-Relat\u00f3rio 10\u00ba Desafio Intermodal de Curitiba"},"content":{"rendered":"<p>&nbsp;<\/p>\n<p><a href=\"https:\/\/ciclovida.ufpr.br\/wp-content\/uploads\/2016\/09\/IMG_7990-2.jpg\"><img loading=\"lazy\" decoding=\"async\" class=\"aligncenter  wp-image-3760\" src=\"https:\/\/ciclovida.ufpr.br\/wp-content\/uploads\/2016\/09\/IMG_7990-2-1024x683.jpg\" alt=\"IMG_7990-2\" width=\"576\" height=\"384\" srcset=\"https:\/\/ciclovida.ufpr.br\/wp-content\/uploads\/2016\/09\/IMG_7990-2-1024x683.jpg 1024w, https:\/\/ciclovida.ufpr.br\/wp-content\/uploads\/2016\/09\/IMG_7990-2-300x200.jpg 300w\" sizes=\"auto, (max-width: 576px) 100vw, 576px\" \/><\/a><\/p>\n<p>J\u00e1 esta dispon\u00edvel o pr\u00e9-relat\u00f3rio do 10\u00ba Desafio Intermodal de Curitiba, realizado na \u00faltima sexta(23). Em breve mais fotos e o relat\u00f3rio completo.<\/p>\n<p><a href=\"https:\/\/ciclovida.ufpr.br\/wp-content\/uploads\/2016\/09\/X-DESAFIO-INTERMODAL-23-09.docx\">X DESAFIO INTERMODAL 23-09<\/a><\/p>\n","protected":false},"excerpt":{"rendered":"<p>&nbsp; J\u00e1 esta dispon\u00edvel o pr\u00e9-relat\u00f3rio do 10\u00ba Desafio Intermodal de Curitiba, realizado na \u00faltima sexta(23). Em breve mais fotos e o relat\u00f3rio completo. X DESAFIO INTERMODAL 23-09<\/p>\n","protected":false},"author":106,"featured_media":0,"comment_status":"open","ping_status":"open","sticky":false,"template":"","format":"standard","meta":{"_uag_custom_page_level_css":"","ngg_post_thumbnail":0,"footnotes":""},"categories":[5,6,1],"tags":[],"class_list":["post-3755","post","type-post","status-publish","format-standard","hentry","category-biblioteca","category-eventos","category-noticias"],"gutentor_comment":0,"featured_image_src":"","featured_image_src_square":false,"author_info":{"display_name":"Alan Palomero","author_link":"https:\/\/ciclovida.ufpr.br\/?author=106"},"rbea_author_info":{"display_name":"Alan Palomero","author_link":"https:\/\/ciclovida.ufpr.br\/?author=106"},"rbea_excerpt_info":"&nbsp; J\u00e1 esta dispon\u00edvel o pr\u00e9-relat\u00f3rio do 10\u00ba Desafio Intermodal de Curitiba, realizado na \u00faltima sexta(23). Em breve mais fotos e o relat\u00f3rio completo. X DESAFIO INTERMODAL 23-09","category_list":"<a href=\"https:\/\/ciclovida.ufpr.br\/?cat=5\" rel=\"category\">Biblioteca<\/a>, <a href=\"https:\/\/ciclovida.ufpr.br\/?cat=6\" rel=\"category\">Eventos<\/a>, <a href=\"https:\/\/ciclovida.ufpr.br\/?cat=1\" rel=\"category\">Not\u00edcias<\/a>","comments_num":"0 comments","uagb_featured_image_src":{"full":false,"thumbnail":false,"medium":false,"medium_large":false,"large":false,"1536x1536":false,"2048x2048":false,"post-thumbnail":false,"twentytwenty-fullscreen":false},"uagb_author_info":{"display_name":"Alan Palomero","author_link":"https:\/\/ciclovida.ufpr.br\/?author=106"},"uagb_comment_info":0,"uagb_excerpt":"&nbsp; J\u00e1 esta dispon\u00edvel o pr\u00e9-relat\u00f3rio do 10\u00ba Desafio Intermodal de Curitiba, realizado na \u00faltima sexta(23). Em breve mais fotos e o relat\u00f3rio completo. X DESAFIO INTERMODAL 23-09","wps_subtitle":"","_links":{"self":[{"href":"https:\/\/ciclovida.ufpr.br\/index.php?rest_route=\/wp\/v2\/posts\/3755","targetHints":{"allow":["GET"]}}],"collection":[{"href":"https:\/\/ciclovida.ufpr.br\/index.php?rest_route=\/wp\/v2\/posts"}],"about":[{"href":"https:\/\/ciclovida.ufpr.br\/index.php?rest_route=\/wp\/v2\/types\/post"}],"author":[{"embeddable":true,"href":"https:\/\/ciclovida.ufpr.br\/index.php?rest_route=\/wp\/v2\/users\/106"}],"replies":[{"embeddable":true,"href":"https:\/\/ciclovida.ufpr.br\/index.php?rest_route=%2Fwp%2Fv2%2Fcomments&post=3755"}],"version-history":[{"count":3,"href":"https:\/\/ciclovida.ufpr.br\/index.php?rest_route=\/wp\/v2\/posts\/3755\/revisions"}],"predecessor-version":[{"id":3763,"href":"https:\/\/ciclovida.ufpr.br\/index.php?rest_route=\/wp\/v2\/posts\/3755\/revisions\/3763"}],"wp:attachment":[{"href":"https:\/\/ciclovida.ufpr.br\/index.php?rest_route=%2Fwp%2Fv2%2Fmedia&parent=3755"}],"wp:term":[{"taxonomy":"category","embeddable":true,"href":"https:\/\/ciclovida.ufpr.br\/index.php?rest_route=%2Fwp%2Fv2%2Fcategories&post=3755"},{"taxonomy":"post_tag","embeddable":true,"href":"https:\/\/ciclovida.ufpr.br\/index.php?rest_route=%2Fwp%2Fv2%2Ftags&post=3755"}],"curies":[{"name":"wp","href":"https:\/\/api.w.org\/{rel}","templated":true}]}}