{"id":3751,"date":"2016-09-22T16:23:01","date_gmt":"2016-09-22T19:23:01","guid":{"rendered":"https:\/\/ciclovida.ufpr.br\/?p=3751"},"modified":"2016-09-22T16:23:01","modified_gmt":"2016-09-22T19:23:01","slug":"10o-desafio-intermodal-de-curitiba-toma-as-ruas-nessa-sexta","status":"publish","type":"post","link":"https:\/\/ciclovida.ufpr.br\/?p=3751","title":{"rendered":"10\u00ba Desafio Intermodal de Curitiba toma as ruas nessa sexta"},"content":{"rendered":"<p>&nbsp;<\/p>\n<p><a href=\"https:\/\/ciclovida.ufpr.br\/wp-content\/uploads\/2015\/09\/IMG_5178.jpg\"><img loading=\"lazy\" decoding=\"async\" class=\"aligncenter  wp-image-3346\" src=\"https:\/\/ciclovida.ufpr.br\/wp-content\/uploads\/2015\/09\/IMG_5178-1024x683.jpg\" alt=\"IMG_5178\" width=\"489\" height=\"326\" srcset=\"https:\/\/ciclovida.ufpr.br\/wp-content\/uploads\/2015\/09\/IMG_5178-1024x683.jpg 1024w, https:\/\/ciclovida.ufpr.br\/wp-content\/uploads\/2015\/09\/IMG_5178-300x200.jpg 300w\" sizes=\"auto, (max-width: 489px) 100vw, 489px\" \/><\/a><\/p>\n<p>Nessa sexta (23) ocorrer\u00e1\u00a0o 10\u00ba Desafio Intermodal de Curitiba, que reunir\u00e1 diferentes modais de transporte para avaliar qual a forma mais eficiente de se locomover pela cidade no hor\u00e1rio de pico, entre 18h e 19h. \u00c9 organizado pelo programa Ciclovida da Universidade Federal do Paran\u00e1 (UFPR) em parceria com a Prefeitura de Curitiba, os cursos de Engenharia Civil e Arquitetura da universidade e parceria com os Institutos Lactec.<\/p>\n<p>O desafio consiste em uma compara\u00e7\u00e3o entre os diferentes modais, saindo \u00e0s 18h do Centro Polit\u00e9cnico da UFPR e terminando em frente ao pr\u00e9dio hist\u00f3rico da universidade, na Pra\u00e7a Santos Andrade. Os desafiantes podem escolher o caminho que julgarem melhor, mas devem passar por um ponto intermedi\u00e1rio, no Escrit\u00f3rio Verde da UTFPR, antes de partirem para o ponto final.<\/p>\n<p>O objetivo do desafio \u00e9 avaliar, em um percurso de aproximadamente dez quil\u00f4metros, qual o meio de transporte mais eficiente para se deslocar no hor\u00e1rio de pico em um grande centro urbano, utilizando tr\u00eas quesitos de avalia\u00e7\u00e3o: tempo de deslocamento, custos para o usu\u00e1rio e emiss\u00e3o de poluentes. Os dados, coletados ao longo do percurso, resultar\u00e3o em m\u00e9dias, que somadas, indicar\u00e3o o modal mais eficiente. Ao final do desafio os participantes devem responder um question\u00e1rio sobre a experi\u00eancia, avaliando pontos sobre a infraestrutura urbana, como ciclovias, ilumina\u00e7\u00e3o p\u00fablica, sinaliza\u00e7\u00e3o, cal\u00e7adas, pontos de maior congestionamento e educa\u00e7\u00e3o no tr\u00e2nsito. Ap\u00f3s o desafio \u00e9 disponibilizado um relat\u00f3rio com os dados de avalia\u00e7\u00e3o e resultados, que ser\u00e1 utilizado pela Setran.<\/p>\n<p><a href=\"https:\/\/ciclovida.ufpr.br\/wp-content\/uploads\/2015\/09\/IMG_5152.jpg\"><img loading=\"lazy\" decoding=\"async\" class=\"aligncenter  wp-image-3335\" src=\"https:\/\/ciclovida.ufpr.br\/wp-content\/uploads\/2015\/09\/IMG_5152-1024x683.jpg\" alt=\"IMG_5152\" width=\"494\" height=\"329\" srcset=\"https:\/\/ciclovida.ufpr.br\/wp-content\/uploads\/2015\/09\/IMG_5152-1024x683.jpg 1024w, https:\/\/ciclovida.ufpr.br\/wp-content\/uploads\/2015\/09\/IMG_5152-300x200.jpg 300w\" sizes=\"auto, (max-width: 494px) 100vw, 494px\" \/><\/a><\/p>\n<p>&nbsp;<\/p>\n<p><a href=\"https:\/\/ciclovida.ufpr.br\/wp-content\/uploads\/2015\/09\/IMG_5192.jpg\"><img loading=\"lazy\" decoding=\"async\" class=\"aligncenter  wp-image-3353\" src=\"https:\/\/ciclovida.ufpr.br\/wp-content\/uploads\/2015\/09\/IMG_5192-683x1024.jpg\" alt=\"IMG_5192\" width=\"488\" height=\"732\" srcset=\"https:\/\/ciclovida.ufpr.br\/wp-content\/uploads\/2015\/09\/IMG_5192-683x1024.jpg 683w, https:\/\/ciclovida.ufpr.br\/wp-content\/uploads\/2015\/09\/IMG_5192-200x300.jpg 200w\" sizes=\"auto, (max-width: 488px) 100vw, 488px\" \/><\/a><\/p>\n","protected":false},"excerpt":{"rendered":"<p>&nbsp; Nessa sexta (23) ocorrer\u00e1\u00a0o 10\u00ba Desafio Intermodal de Curitiba, que reunir\u00e1 diferentes modais de transporte para avaliar qual a forma mais eficiente de se locomover pela cidade no hor\u00e1rio [&hellip;]<\/p>\n","protected":false},"author":106,"featured_media":0,"comment_status":"open","ping_status":"open","sticky":false,"template":"","format":"standard","meta":{"_uag_custom_page_level_css":"","ngg_post_thumbnail":0,"footnotes":""},"categories":[6,1],"tags":[],"class_list":["post-3751","post","type-post","status-publish","format-standard","hentry","category-eventos","category-noticias"],"gutentor_comment":0,"featured_image_src":"","featured_image_src_square":false,"author_info":{"display_name":"Alan Palomero","author_link":"https:\/\/ciclovida.ufpr.br\/?author=106"},"rbea_author_info":{"display_name":"Alan Palomero","author_link":"https:\/\/ciclovida.ufpr.br\/?author=106"},"rbea_excerpt_info":"&nbsp; Nessa sexta (23) ocorrer\u00e1\u00a0o 10\u00ba Desafio Intermodal de Curitiba, que reunir\u00e1 diferentes modais de transporte para avaliar qual a forma mais eficiente de se locomover pela cidade no hor\u00e1rio [&hellip;]","category_list":"<a href=\"https:\/\/ciclovida.ufpr.br\/?cat=6\" rel=\"category\">Eventos<\/a>, <a href=\"https:\/\/ciclovida.ufpr.br\/?cat=1\" rel=\"category\">Not\u00edcias<\/a>","comments_num":"0 comments","uagb_featured_image_src":{"full":false,"thumbnail":false,"medium":false,"medium_large":false,"large":false,"1536x1536":false,"2048x2048":false,"post-thumbnail":false,"twentytwenty-fullscreen":false},"uagb_author_info":{"display_name":"Alan Palomero","author_link":"https:\/\/ciclovida.ufpr.br\/?author=106"},"uagb_comment_info":0,"uagb_excerpt":"&nbsp; Nessa sexta (23) ocorrer\u00e1\u00a0o 10\u00ba Desafio Intermodal de Curitiba, que reunir\u00e1 diferentes modais de transporte para avaliar qual a forma mais eficiente de se locomover pela cidade no hor\u00e1rio [&hellip;]","wps_subtitle":"","_links":{"self":[{"href":"https:\/\/ciclovida.ufpr.br\/index.php?rest_route=\/wp\/v2\/posts\/3751","targetHints":{"allow":["GET"]}}],"collection":[{"href":"https:\/\/ciclovida.ufpr.br\/index.php?rest_route=\/wp\/v2\/posts"}],"about":[{"href":"https:\/\/ciclovida.ufpr.br\/index.php?rest_route=\/wp\/v2\/types\/post"}],"author":[{"embeddable":true,"href":"https:\/\/ciclovida.ufpr.br\/index.php?rest_route=\/wp\/v2\/users\/106"}],"replies":[{"embeddable":true,"href":"https:\/\/ciclovida.ufpr.br\/index.php?rest_route=%2Fwp%2Fv2%2Fcomments&post=3751"}],"version-history":[{"count":3,"href":"https:\/\/ciclovida.ufpr.br\/index.php?rest_route=\/wp\/v2\/posts\/3751\/revisions"}],"predecessor-version":[{"id":3754,"href":"https:\/\/ciclovida.ufpr.br\/index.php?rest_route=\/wp\/v2\/posts\/3751\/revisions\/3754"}],"wp:attachment":[{"href":"https:\/\/ciclovida.ufpr.br\/index.php?rest_route=%2Fwp%2Fv2%2Fmedia&parent=3751"}],"wp:term":[{"taxonomy":"category","embeddable":true,"href":"https:\/\/ciclovida.ufpr.br\/index.php?rest_route=%2Fwp%2Fv2%2Fcategories&post=3751"},{"taxonomy":"post_tag","embeddable":true,"href":"https:\/\/ciclovida.ufpr.br\/index.php?rest_route=%2Fwp%2Fv2%2Ftags&post=3751"}],"curies":[{"name":"wp","href":"https:\/\/api.w.org\/{rel}","templated":true}]}}