{"id":3748,"date":"2013-09-05T19:43:44","date_gmt":"2013-09-05T22:43:44","guid":{"rendered":"https:\/\/ciclovida.ufpr.br\/?p=3748"},"modified":"2016-09-05T19:44:04","modified_gmt":"2016-09-05T22:44:04","slug":"evden-eve-nakliyat","status":"publish","type":"post","link":"https:\/\/ciclovida.ufpr.br\/?p=3748","title":{"rendered":"evden eve nakliyat"},"content":{"rendered":"<p>\u0130stanbul evden eve nakliyat kaliteli ta\u015f\u0131mac\u0131l\u0131k anlay\u0131\u015f\u0131 ile hareket etmekedir. Firmam\u0131z Kurumsal bir nakliye \u015firketi olup Ba\u015fta Evden eve nakliyat olmak \u00fczere karayolu,hava yolu ve deniz ula\u015f\u0131m\u0131da sa\u011flamaktad\u0131r. Kaliteli ta\u015f\u0131mac\u0131l\u0131k anlay\u0131\u015f\u0131n\u0131 1953 y\u0131l\u0131ndan bugune ta\u015f\u0131yarak ne kadar kaliteli bir kurum oldugunu g\u00f6stermektedir. Firmam\u0131z Kurusal olarak ta\u015f\u0131ma hizmeti ger\u00e7ekle\u015ftirmektedir.<\/p>\n<p>E\u011fer \u00fcretici veya tedarik\u00e7i iseniz, kurumsal ta\u015f\u0131nma ger\u00e7ekle\u015ftirecekseniz <a href=\"http:\/\/www.colakoglunakliyat.biz.tr\/\" target=\"_blank\">evden eve nakliyat<\/a> ta\u015f\u0131nma i\u015flemlerini g\u00f6n\u00fcl rahatl\u0131\u011f\u0131yla \u00c7olako\u011flu Nakliyat\u2019a b\u0131rakabilirsiniz.<\/p>\n<p>Kurumsal kimli\u011fimizle kurumsal firmalar\u0131n ta\u015f\u0131nmalar\u0131nda her zaman oldu\u011fu gibi hassasiyetimizi koruyoruz.<\/p>\n<p>Ofis, B\u00fcro, Fabrika ve T\u00fcm Kurumsal ta\u015f\u0131nmalar\u0131n\u0131zda bizleri arayabilirsiniz.<\/p>\n<p>Bizleri arad\u0131\u011f\u0131n\u0131z takdirde, uzman ekibimiz e\u015fyalar\u0131 g\u00f6zden ge\u00e7irecek anla\u015fma sa\u011flanmas\u0131 durumunda rapor ge\u00e7ilecektir.<\/p>\n<p>Daha sonra e\u015fyalar, anla\u015fma do\u011frultusunda ta\u015f\u0131nma g\u00fcn\u00fc ta\u015f\u0131nacakt\u0131r.<\/p>\n","protected":false},"excerpt":{"rendered":"<p>\u0130stanbul evden eve nakliyat kaliteli ta\u015f\u0131mac\u0131l\u0131k anlay\u0131\u015f\u0131 ile hareket etmekedir. Firmam\u0131z Kurumsal bir nakliye \u015firketi olup Ba\u015fta Evden eve nakliyat olmak \u00fczere karayolu,hava yolu ve deniz ula\u015f\u0131m\u0131da sa\u011flamaktad\u0131r. Kaliteli ta\u015f\u0131mac\u0131l\u0131k [&hellip;]<\/p>\n","protected":false},"author":1,"featured_media":0,"comment_status":"open","ping_status":"open","sticky":false,"template":"","format":"standard","meta":{"_uag_custom_page_level_css":"","ngg_post_thumbnail":0,"footnotes":""},"categories":[1],"tags":[],"class_list":["post-3748","post","type-post","status-publish","format-standard","hentry","category-noticias"],"gutentor_comment":0,"featured_image_src":"","featured_image_src_square":false,"author_info":{"display_name":"ciclovida","author_link":"https:\/\/ciclovida.ufpr.br\/?author=1"},"rbea_author_info":{"display_name":"ciclovida","author_link":"https:\/\/ciclovida.ufpr.br\/?author=1"},"rbea_excerpt_info":"\u0130stanbul evden eve nakliyat kaliteli ta\u015f\u0131mac\u0131l\u0131k anlay\u0131\u015f\u0131 ile hareket etmekedir. Firmam\u0131z Kurumsal bir nakliye \u015firketi olup Ba\u015fta Evden eve nakliyat olmak \u00fczere karayolu,hava yolu ve deniz ula\u015f\u0131m\u0131da sa\u011flamaktad\u0131r. Kaliteli ta\u015f\u0131mac\u0131l\u0131k [&hellip;]","category_list":"<a href=\"https:\/\/ciclovida.ufpr.br\/?cat=1\" rel=\"category\">Not\u00edcias<\/a>","comments_num":"0 comments","uagb_featured_image_src":{"full":false,"thumbnail":false,"medium":false,"medium_large":false,"large":false,"1536x1536":false,"2048x2048":false,"post-thumbnail":false,"twentytwenty-fullscreen":false},"uagb_author_info":{"display_name":"ciclovida","author_link":"https:\/\/ciclovida.ufpr.br\/?author=1"},"uagb_comment_info":0,"uagb_excerpt":"\u0130stanbul evden eve nakliyat kaliteli ta\u015f\u0131mac\u0131l\u0131k anlay\u0131\u015f\u0131 ile hareket etmekedir. Firmam\u0131z Kurumsal bir nakliye \u015firketi olup Ba\u015fta Evden eve nakliyat olmak \u00fczere karayolu,hava yolu ve deniz ula\u015f\u0131m\u0131da sa\u011flamaktad\u0131r. Kaliteli ta\u015f\u0131mac\u0131l\u0131k [&hellip;]","wps_subtitle":"","_links":{"self":[{"href":"https:\/\/ciclovida.ufpr.br\/index.php?rest_route=\/wp\/v2\/posts\/3748","targetHints":{"allow":["GET"]}}],"collection":[{"href":"https:\/\/ciclovida.ufpr.br\/index.php?rest_route=\/wp\/v2\/posts"}],"about":[{"href":"https:\/\/ciclovida.ufpr.br\/index.php?rest_route=\/wp\/v2\/types\/post"}],"author":[{"embeddable":true,"href":"https:\/\/ciclovida.ufpr.br\/index.php?rest_route=\/wp\/v2\/users\/1"}],"replies":[{"embeddable":true,"href":"https:\/\/ciclovida.ufpr.br\/index.php?rest_route=%2Fwp%2Fv2%2Fcomments&post=3748"}],"version-history":[{"count":1,"href":"https:\/\/ciclovida.ufpr.br\/index.php?rest_route=\/wp\/v2\/posts\/3748\/revisions"}],"predecessor-version":[{"id":3749,"href":"https:\/\/ciclovida.ufpr.br\/index.php?rest_route=\/wp\/v2\/posts\/3748\/revisions\/3749"}],"wp:attachment":[{"href":"https:\/\/ciclovida.ufpr.br\/index.php?rest_route=%2Fwp%2Fv2%2Fmedia&parent=3748"}],"wp:term":[{"taxonomy":"category","embeddable":true,"href":"https:\/\/ciclovida.ufpr.br\/index.php?rest_route=%2Fwp%2Fv2%2Fcategories&post=3748"},{"taxonomy":"post_tag","embeddable":true,"href":"https:\/\/ciclovida.ufpr.br\/index.php?rest_route=%2Fwp%2Fv2%2Ftags&post=3748"}],"curies":[{"name":"wp","href":"https:\/\/api.w.org\/{rel}","templated":true}]}}