{"id":3739,"date":"2016-08-15T16:08:55","date_gmt":"2016-08-15T19:08:55","guid":{"rendered":"https:\/\/ciclovida.ufpr.br\/?p=3739"},"modified":"2016-08-15T16:08:55","modified_gmt":"2016-08-15T19:08:55","slug":"saude-em-transito","status":"publish","type":"post","link":"https:\/\/ciclovida.ufpr.br\/?p=3739","title":{"rendered":"&#8220;Sa\u00fade em Tr\u00e2nsito&#8221;"},"content":{"rendered":"<p>A viol\u00eancia no tr\u00e2nsito \u00e9 um problema de sa\u00fade p\u00fablica no Brasil com altos \u00edndices de mortalidade e morbidade. Depoimentos de usu\u00e1rios e profissionais discutem o tema e destacam a necessidade de medidas preventivas integradas, no\u00a0DVD &#8220;Sa\u00fade em Tr\u00e2nsito&#8221;, que conta com a participa\u00e7\u00e3o do Coordenador do Ciclovida Jos\u00e9 Carlos <span id=\"0.5030854223874324\" class=\"highlight\">Belotto<\/span> e dos Prof\u00bas da UFPR Iara Thielen e Paulo Bracarense.<br \/>\nConfira o trailler do filme:<\/p>\n<p><iframe loading=\"lazy\" title=\"Sa\u00fade em tr\u00e2nsito | Trailer\" width=\"580\" height=\"326\" src=\"https:\/\/www.youtube.com\/embed\/8OF9vBvnRdg?feature=oembed\" frameborder=\"0\" allow=\"accelerometer; autoplay; clipboard-write; encrypted-media; gyroscope; picture-in-picture; web-share\" referrerpolicy=\"strict-origin-when-cross-origin\" allowfullscreen><\/iframe><\/p>\n<p>Mais informa\u00e7\u00f5es \u00a0(ficha t\u00e9cnica e como adquirir o dvd) no site\u00a0funda\u00e7\u00e3o Oswaldo Cruz:<\/p>\n<p>http:\/\/portal.fiocruz.br\/pt-br\/content\/video-saude-no-transito<\/p>\n","protected":false},"excerpt":{"rendered":"<p>A viol\u00eancia no tr\u00e2nsito \u00e9 um problema de sa\u00fade p\u00fablica no Brasil com altos \u00edndices de mortalidade e morbidade. Depoimentos de usu\u00e1rios e profissionais discutem o tema e destacam a [&hellip;]<\/p>\n","protected":false},"author":106,"featured_media":0,"comment_status":"open","ping_status":"open","sticky":false,"template":"","format":"standard","meta":{"_uag_custom_page_level_css":"","ngg_post_thumbnail":0,"footnotes":""},"categories":[5,17,1],"tags":[],"class_list":["post-3739","post","type-post","status-publish","format-standard","hentry","category-biblioteca","category-clipping","category-noticias"],"gutentor_comment":0,"featured_image_src":"","featured_image_src_square":false,"author_info":{"display_name":"Alan Palomero","author_link":"https:\/\/ciclovida.ufpr.br\/?author=106"},"rbea_author_info":{"display_name":"Alan Palomero","author_link":"https:\/\/ciclovida.ufpr.br\/?author=106"},"rbea_excerpt_info":"A viol\u00eancia no tr\u00e2nsito \u00e9 um problema de sa\u00fade p\u00fablica no Brasil com altos \u00edndices de mortalidade e morbidade. Depoimentos de usu\u00e1rios e profissionais discutem o tema e destacam a [&hellip;]","category_list":"<a href=\"https:\/\/ciclovida.ufpr.br\/?cat=5\" rel=\"category\">Biblioteca<\/a>, <a href=\"https:\/\/ciclovida.ufpr.br\/?cat=17\" rel=\"category\">Clipping<\/a>, <a href=\"https:\/\/ciclovida.ufpr.br\/?cat=1\" rel=\"category\">Not\u00edcias<\/a>","comments_num":"0 comments","uagb_featured_image_src":{"full":false,"thumbnail":false,"medium":false,"medium_large":false,"large":false,"1536x1536":false,"2048x2048":false,"post-thumbnail":false,"twentytwenty-fullscreen":false},"uagb_author_info":{"display_name":"Alan Palomero","author_link":"https:\/\/ciclovida.ufpr.br\/?author=106"},"uagb_comment_info":0,"uagb_excerpt":"A viol\u00eancia no tr\u00e2nsito \u00e9 um problema de sa\u00fade p\u00fablica no Brasil com altos \u00edndices de mortalidade e morbidade. Depoimentos de usu\u00e1rios e profissionais discutem o tema e destacam a [&hellip;]","wps_subtitle":"","_links":{"self":[{"href":"https:\/\/ciclovida.ufpr.br\/index.php?rest_route=\/wp\/v2\/posts\/3739","targetHints":{"allow":["GET"]}}],"collection":[{"href":"https:\/\/ciclovida.ufpr.br\/index.php?rest_route=\/wp\/v2\/posts"}],"about":[{"href":"https:\/\/ciclovida.ufpr.br\/index.php?rest_route=\/wp\/v2\/types\/post"}],"author":[{"embeddable":true,"href":"https:\/\/ciclovida.ufpr.br\/index.php?rest_route=\/wp\/v2\/users\/106"}],"replies":[{"embeddable":true,"href":"https:\/\/ciclovida.ufpr.br\/index.php?rest_route=%2Fwp%2Fv2%2Fcomments&post=3739"}],"version-history":[{"count":2,"href":"https:\/\/ciclovida.ufpr.br\/index.php?rest_route=\/wp\/v2\/posts\/3739\/revisions"}],"predecessor-version":[{"id":3741,"href":"https:\/\/ciclovida.ufpr.br\/index.php?rest_route=\/wp\/v2\/posts\/3739\/revisions\/3741"}],"wp:attachment":[{"href":"https:\/\/ciclovida.ufpr.br\/index.php?rest_route=%2Fwp%2Fv2%2Fmedia&parent=3739"}],"wp:term":[{"taxonomy":"category","embeddable":true,"href":"https:\/\/ciclovida.ufpr.br\/index.php?rest_route=%2Fwp%2Fv2%2Fcategories&post=3739"},{"taxonomy":"post_tag","embeddable":true,"href":"https:\/\/ciclovida.ufpr.br\/index.php?rest_route=%2Fwp%2Fv2%2Ftags&post=3739"}],"curies":[{"name":"wp","href":"https:\/\/api.w.org\/{rel}","templated":true}]}}