{"id":3618,"date":"2016-07-14T23:32:49","date_gmt":"2016-07-15T02:32:49","guid":{"rendered":"https:\/\/ciclovida.ufpr.br\/?p=3618"},"modified":"2016-07-14T23:32:49","modified_gmt":"2016-07-15T02:32:49","slug":"descida-da-graciosa-ameacada-pela-previsao-de-chuva","status":"publish","type":"post","link":"https:\/\/ciclovida.ufpr.br\/?p=3618","title":{"rendered":"Descida da Graciosa amea\u00e7ada pela previs\u00e3o de chuva"},"content":{"rendered":"<p><a href=\"https:\/\/ciclovida.ufpr.br\/wp-content\/uploads\/2016\/07\/ceu-carregado-wallpaper-14175.jpg\"><img loading=\"lazy\" decoding=\"async\" class=\"aligncenter  wp-image-3619\" src=\"https:\/\/ciclovida.ufpr.br\/wp-content\/uploads\/2016\/07\/ceu-carregado-wallpaper-14175-1024x768.jpg\" alt=\"ceu-carregado-wallpaper-14175\" width=\"603\" height=\"452\" srcset=\"https:\/\/ciclovida.ufpr.br\/wp-content\/uploads\/2016\/07\/ceu-carregado-wallpaper-14175.jpg 1024w, https:\/\/ciclovida.ufpr.br\/wp-content\/uploads\/2016\/07\/ceu-carregado-wallpaper-14175-300x225.jpg 300w\" sizes=\"auto, (max-width: 603px) 100vw, 603px\" \/><\/a><\/p>\n<p>&nbsp;<\/p>\n<div>Se chover durante a madrugada de sexta-feira (15) e ao amanhecer de s\u00e1bado a descida da Graciosa ser\u00e1\u00a0cancelada por motivos de seguran\u00e7a.<\/div>\n<div>A an\u00e1lise da viabilidade e manuten\u00e7\u00e3o do passeio \u00a0ser\u00e1 feita pelo coordenador do CICLOVIDA\/UFPR Jos\u00e9 Carlos Belotto, \u00e0s 5:00 hs deste s\u00e1bado (16). Em caso de d\u00favida os participantes devem\u00a0confirmar a realiza\u00e7\u00e3o ou n\u00e3o do passeio com o Belotto (41-9926-4096) a partir das 5:15 hs da manh\u00e3 do mesmo dia.<\/div>\n<p>&nbsp;<\/p>\n<p>&nbsp;<\/p>\n<p>&nbsp;<\/p>\n","protected":false},"excerpt":{"rendered":"<p>&nbsp; Se chover durante a madrugada de sexta-feira (15) e ao amanhecer de s\u00e1bado a descida da Graciosa ser\u00e1\u00a0cancelada por motivos de seguran\u00e7a. A an\u00e1lise da viabilidade e manuten\u00e7\u00e3o do [&hellip;]<\/p>\n","protected":false},"author":106,"featured_media":0,"comment_status":"open","ping_status":"open","sticky":false,"template":"","format":"standard","meta":{"_uag_custom_page_level_css":"","ngg_post_thumbnail":0,"footnotes":""},"categories":[9],"tags":[],"class_list":["post-3618","post","type-post","status-publish","format-standard","hentry","category-utilitarios"],"gutentor_comment":0,"featured_image_src":"","featured_image_src_square":false,"author_info":{"display_name":"Alan Palomero","author_link":"https:\/\/ciclovida.ufpr.br\/?author=106"},"rbea_author_info":{"display_name":"Alan Palomero","author_link":"https:\/\/ciclovida.ufpr.br\/?author=106"},"rbea_excerpt_info":"&nbsp; Se chover durante a madrugada de sexta-feira (15) e ao amanhecer de s\u00e1bado a descida da Graciosa ser\u00e1\u00a0cancelada por motivos de seguran\u00e7a. A an\u00e1lise da viabilidade e manuten\u00e7\u00e3o do [&hellip;]","category_list":"<a href=\"https:\/\/ciclovida.ufpr.br\/?cat=9\" rel=\"category\">Utilit\u00e1rios<\/a>","comments_num":"0 comments","uagb_featured_image_src":{"full":false,"thumbnail":false,"medium":false,"medium_large":false,"large":false,"1536x1536":false,"2048x2048":false,"post-thumbnail":false,"twentytwenty-fullscreen":false},"uagb_author_info":{"display_name":"Alan Palomero","author_link":"https:\/\/ciclovida.ufpr.br\/?author=106"},"uagb_comment_info":0,"uagb_excerpt":"&nbsp; Se chover durante a madrugada de sexta-feira (15) e ao amanhecer de s\u00e1bado a descida da Graciosa ser\u00e1\u00a0cancelada por motivos de seguran\u00e7a. A an\u00e1lise da viabilidade e manuten\u00e7\u00e3o do [&hellip;]","wps_subtitle":"","_links":{"self":[{"href":"https:\/\/ciclovida.ufpr.br\/index.php?rest_route=\/wp\/v2\/posts\/3618","targetHints":{"allow":["GET"]}}],"collection":[{"href":"https:\/\/ciclovida.ufpr.br\/index.php?rest_route=\/wp\/v2\/posts"}],"about":[{"href":"https:\/\/ciclovida.ufpr.br\/index.php?rest_route=\/wp\/v2\/types\/post"}],"author":[{"embeddable":true,"href":"https:\/\/ciclovida.ufpr.br\/index.php?rest_route=\/wp\/v2\/users\/106"}],"replies":[{"embeddable":true,"href":"https:\/\/ciclovida.ufpr.br\/index.php?rest_route=%2Fwp%2Fv2%2Fcomments&post=3618"}],"version-history":[{"count":2,"href":"https:\/\/ciclovida.ufpr.br\/index.php?rest_route=\/wp\/v2\/posts\/3618\/revisions"}],"predecessor-version":[{"id":3621,"href":"https:\/\/ciclovida.ufpr.br\/index.php?rest_route=\/wp\/v2\/posts\/3618\/revisions\/3621"}],"wp:attachment":[{"href":"https:\/\/ciclovida.ufpr.br\/index.php?rest_route=%2Fwp%2Fv2%2Fmedia&parent=3618"}],"wp:term":[{"taxonomy":"category","embeddable":true,"href":"https:\/\/ciclovida.ufpr.br\/index.php?rest_route=%2Fwp%2Fv2%2Fcategories&post=3618"},{"taxonomy":"post_tag","embeddable":true,"href":"https:\/\/ciclovida.ufpr.br\/index.php?rest_route=%2Fwp%2Fv2%2Ftags&post=3618"}],"curies":[{"name":"wp","href":"https:\/\/api.w.org\/{rel}","templated":true}]}}