{"id":3603,"date":"2016-06-25T21:47:04","date_gmt":"2016-06-26T00:47:04","guid":{"rendered":"https:\/\/ciclovida.ufpr.br\/?p=3603"},"modified":"2016-06-29T17:37:01","modified_gmt":"2016-06-29T20:37:01","slug":"inscricoes-abertas-para-o-festival-de-inverno-da-ufpr","status":"publish","type":"post","link":"https:\/\/ciclovida.ufpr.br\/?p=3603","title":{"rendered":"Inscri\u00e7\u00f5es abertas para o Festival de Inverno da UFPR"},"content":{"rendered":"<p><a href=\"https:\/\/ciclovida.ufpr.br\/wp-content\/uploads\/2016\/06\/image.png\"><img loading=\"lazy\" decoding=\"async\" class=\"aligncenter wp-image-3604 \" src=\"https:\/\/ciclovida.ufpr.br\/wp-content\/uploads\/2016\/06\/image-1024x307.png\" alt=\"image\" width=\"557\" height=\"167\" srcset=\"https:\/\/ciclovida.ufpr.br\/wp-content\/uploads\/2016\/06\/image-1024x307.png 1024w, https:\/\/ciclovida.ufpr.br\/wp-content\/uploads\/2016\/06\/image-300x90.png 300w, https:\/\/ciclovida.ufpr.br\/wp-content\/uploads\/2016\/06\/image.png 1199w\" sizes=\"auto, (max-width: 557px) 100vw, 557px\" \/><\/a><\/p>\n<p>&nbsp;<\/p>\n<p>J\u00e1 est\u00e3o abertas as inscri\u00e7\u00f5es para o Festival de Inverno da UFPR, em Antonina. O ciclovida ter\u00e1 duas atividades no festival:<\/p>\n<p>Um passeio ciclotur\u00edstico at\u00e9 Antonina, e a confec\u00e7\u00e3o de um\u00a0folder de cicloturismo para Antonina, descrita como &#8220;atividade paralela&#8221; no site. Todas as informa\u00e7\u00f5es e o link para inscri\u00e7\u00e3o est\u00e3o no site doFestival:\u00a0<a class=\"\" href=\"http:\/\/www.proec.ufpr.br\/festival2016\/links\/inscricoes.html\" target=\"_blank\">http:\/\/www.proec.ufpr.br\/festival2016\/links\/inscricoes.html<\/a><\/p>\n","protected":false},"excerpt":{"rendered":"<p>&nbsp; J\u00e1 est\u00e3o abertas as inscri\u00e7\u00f5es para o Festival de Inverno da UFPR, em Antonina. O ciclovida ter\u00e1 duas atividades no festival: Um passeio ciclotur\u00edstico at\u00e9 Antonina, e a confec\u00e7\u00e3o [&hellip;]<\/p>\n","protected":false},"author":106,"featured_media":0,"comment_status":"open","ping_status":"open","sticky":false,"template":"","format":"standard","meta":{"_uag_custom_page_level_css":"","ngg_post_thumbnail":0,"footnotes":""},"categories":[1],"tags":[],"class_list":["post-3603","post","type-post","status-publish","format-standard","hentry","category-noticias"],"gutentor_comment":0,"featured_image_src":"","featured_image_src_square":false,"author_info":{"display_name":"Alan Palomero","author_link":"https:\/\/ciclovida.ufpr.br\/?author=106"},"rbea_author_info":{"display_name":"Alan Palomero","author_link":"https:\/\/ciclovida.ufpr.br\/?author=106"},"rbea_excerpt_info":"&nbsp; J\u00e1 est\u00e3o abertas as inscri\u00e7\u00f5es para o Festival de Inverno da UFPR, em Antonina. O ciclovida ter\u00e1 duas atividades no festival: Um passeio ciclotur\u00edstico at\u00e9 Antonina, e a confec\u00e7\u00e3o [&hellip;]","category_list":"<a href=\"https:\/\/ciclovida.ufpr.br\/?cat=1\" rel=\"category\">Not\u00edcias<\/a>","comments_num":"0 comments","uagb_featured_image_src":{"full":false,"thumbnail":false,"medium":false,"medium_large":false,"large":false,"1536x1536":false,"2048x2048":false,"post-thumbnail":false,"twentytwenty-fullscreen":false},"uagb_author_info":{"display_name":"Alan Palomero","author_link":"https:\/\/ciclovida.ufpr.br\/?author=106"},"uagb_comment_info":0,"uagb_excerpt":"&nbsp; J\u00e1 est\u00e3o abertas as inscri\u00e7\u00f5es para o Festival de Inverno da UFPR, em Antonina. O ciclovida ter\u00e1 duas atividades no festival: Um passeio ciclotur\u00edstico at\u00e9 Antonina, e a confec\u00e7\u00e3o [&hellip;]","wps_subtitle":"","_links":{"self":[{"href":"https:\/\/ciclovida.ufpr.br\/index.php?rest_route=\/wp\/v2\/posts\/3603","targetHints":{"allow":["GET"]}}],"collection":[{"href":"https:\/\/ciclovida.ufpr.br\/index.php?rest_route=\/wp\/v2\/posts"}],"about":[{"href":"https:\/\/ciclovida.ufpr.br\/index.php?rest_route=\/wp\/v2\/types\/post"}],"author":[{"embeddable":true,"href":"https:\/\/ciclovida.ufpr.br\/index.php?rest_route=\/wp\/v2\/users\/106"}],"replies":[{"embeddable":true,"href":"https:\/\/ciclovida.ufpr.br\/index.php?rest_route=%2Fwp%2Fv2%2Fcomments&post=3603"}],"version-history":[{"count":3,"href":"https:\/\/ciclovida.ufpr.br\/index.php?rest_route=\/wp\/v2\/posts\/3603\/revisions"}],"predecessor-version":[{"id":3608,"href":"https:\/\/ciclovida.ufpr.br\/index.php?rest_route=\/wp\/v2\/posts\/3603\/revisions\/3608"}],"wp:attachment":[{"href":"https:\/\/ciclovida.ufpr.br\/index.php?rest_route=%2Fwp%2Fv2%2Fmedia&parent=3603"}],"wp:term":[{"taxonomy":"category","embeddable":true,"href":"https:\/\/ciclovida.ufpr.br\/index.php?rest_route=%2Fwp%2Fv2%2Fcategories&post=3603"},{"taxonomy":"post_tag","embeddable":true,"href":"https:\/\/ciclovida.ufpr.br\/index.php?rest_route=%2Fwp%2Fv2%2Ftags&post=3603"}],"curies":[{"name":"wp","href":"https:\/\/api.w.org\/{rel}","templated":true}]}}