{"id":357,"date":"2011-07-25T16:23:11","date_gmt":"2011-07-25T19:23:11","guid":{"rendered":"https:\/\/ciclovida.ufpr.br\/?p=357"},"modified":"2011-07-25T16:23:11","modified_gmt":"2011-07-25T19:23:11","slug":"novas-publicacoes-no-encerramento-do-bpp-bicycle-partnership-program","status":"publish","type":"post","link":"https:\/\/ciclovida.ufpr.br\/?p=357","title":{"rendered":"Novas publica\u00e7\u00f5es no encerramento do BPP (Bicycle Partnership Program)"},"content":{"rendered":"<p><img loading=\"lazy\" decoding=\"async\" class=\"size-full wp-image-358 alignright\" title=\"BPP\" src=\"https:\/\/ciclovida.ufpr.br\/wp-content\/uploads\/2011\/07\/Logo-BPP-85x85.gif\" alt=\"\" width=\"196\" height=\"85\" \/><\/p>\n<p style=\"text-align: justify;\">Foi encerrado o &#8220;BPP &#8211; Bicycle Partnership Program&#8221; coordenado pela ONG holandesa\u00a0<a href=\"http:\/\/www.i-ce.nl\/\" target=\"_blank\">I-CE &#8211; Interface for Cycling Expertise<\/a> entre 2007 e 2010.<\/p>\n<p style=\"text-align: justify;\">O BPP auxiliou o desenvolvimento de pol\u00edticas cicloinclusivas em diversas cidades do mundo, algumas das quais brasileiras, atrav\u00e9s do suporte e da atua\u00e7\u00e3o conjunta com ONGs locais, o que inclui diversas publica\u00e7\u00f5es.<\/p>\n<p style=\"text-align: justify;\">A ViaCiclo participou do BPP atuando em Florian\u00f3polis e em outras cidades incentivando e suportando a qualifica\u00e7\u00e3o da infraestrura ciclovi\u00e1ria e outras pol\u00edticas p\u00fablicas de \u00f3rg\u00e3os municipais, estaduais e federais. Udesc &#8211; Universidado do Estao de Santa Catarina, Prefeitura Municipal de Florian\u00f3polis, Deinfra &#8211; Departamento Estadual de Infraestrurura de Santa Catarina, Minist\u00e9rio das Cidades e UCB &#8211; Uni\u00e3o de Ciclistas do Brasil s\u00e3o algumas das organiza\u00e7\u00f5es com as quais a ViaCiclo atuou.<\/p>\n<p style=\"text-align: justify;\">Do Relat\u00f3rio Final constam diversos documentos com foco nos pa\u00edses participantes. Dentre estes, destacamos como muito aproveit\u00e1veis para o Brasil os que seguem abaixo.<\/p>\n<ul>\n<li style=\"text-align: justify;\"><a href=\"wp-content\/uploads\/2011\/07\/bpp_pdf\/Manual%20Dise\u00f1o%20Tr\u00e1fico%20Bicicletas%20[CROW].pdf\" target=\"_blank\">Manual de dise\u00f1o para el tr\u00e1fico de bicicletas<\/a> &#8211; O manual foi composto pela\u00a0<a href=\"http:\/\/www.crow.nl\/\" target=\"_blank\">CROW<\/a>, uma &#8220;plataforma holandesa de informa\u00e7\u00e3o e tecnologia para a infraestructura, o tr\u00e1fego, o transporte e o espa\u00e7o p\u00fablico&#8221;; a excelente publica\u00e7\u00e3o, anteriormente apenas impresso em ingl\u00eas e \u00e0 venda, agora gratuito em PDF traduzido para o espanhol. Para compactar as 388 p\u00e1ginas algumas ilustra\u00e7\u00f5es perderam um pouco da qualidade.<\/li>\n<li style=\"text-align: justify;\"><a href=\"wp-content\/uploads\/2011\/07\/bpp_pdf\/Manual%20Desenho%20Estacionamientos%20bicicleta%20[Ciudad%20Viva].pdf\" target=\"_blank\">Estacionamientos para bicicletas<\/a> &#8211; O Cap\u00edtulo 4 do &#8220;Manual de Dise\u00f1o Urbano para el Transporte Activo&#8221;, de autoria de um grupo de trabalho envolvendo t\u00e9cnicos holandeses (I-CE) e chilenos (Instituto Ciudad Viva e Gobierto Regional Metropolitando de Santiago) \u00e9 bastante completo e ilustrado.<\/li>\n<li style=\"text-align: justify;\"><a href=\"wp-content\/uploads\/2011\/07\/bpp_pdf\/Manual%20politicas%20amables%20con%20bicicleta%20-%20Comp.%20[GTZ-ICE].pdf\" target=\"_blank\">Manual de pol\u00edticas amables con la bicicleta<\/a> &#8211; Tradu\u00e7\u00e3o e adapta\u00e7\u00e3o para o espanhol da publica\u00e7\u00e3o de autoria do GTZ e I-CE, cont\u00e9m orienta\u00e7\u00f5es de engenharia, indica\u00e7\u00f5es de marketing e campanhas, sugest\u00f5es pol\u00edticas e outras temas. Se desejar, veja tamb\u00e9m a vers\u00e3o original em ingl\u00eas: &#8220;<a href=\"wp-content\/uploads\/2011\/07\/bpp_pdf\/Manual%20pol\u00edticas%20cicloinclusivas%20[I-CE].pdf\" target=\"_blank\">Cycling inclusive policy developmente: a handbook<\/a>&#8220;.<\/li>\n<li style=\"text-align: justify;\"><a href=\"wp-content\/uploads\/2011\/07\/bpp_pdf\/Manual_Circuitos_Cicloturismo_Final.pdf\" target=\"_blank\">Circuitos de Cicloturismo, manual de incentivo e orienta\u00e7\u00e3o para os munic\u00edpios brasileiros<\/a> &#8211; O manual demonstra os benef\u00edcios, encoraja e orienta a concep\u00e7\u00e3o e instala\u00e7\u00e3o de circuitos de cicloturismo. Saiba mais sobre o\u00a0<a href=\"http:\/\/www.viaciclo.org.br\/portal\/informacoes\/cicloturismo\" target=\"_blank\">projeto e baixe<\/a> outros arquivos pertinentes.<\/li>\n<li style=\"text-align: justify;\"><a href=\"wp-content\/uploads\/2011\/07\/bpp_pdf\/Results%20BPP%20[I-CE].pdf\" target=\"_blank\">Apresenta\u00e7\u00e3o Resumida do BPP<\/a> &#8211; Para os interessados em conhecer os pa\u00edses suportados e as principais a\u00e7\u00f5es e resultados do programa.<\/li>\n<\/ul>\n<address>Fonte:\u00a0<a href=\"http:\/\/www.viaciclo.org.br\/portal\/noticias\/46-noticias\/722-nova-publicacoes\" target=\"_blank\">http:\/\/www.viaciclo.org.br\/portal\/noticias\/46-noticias\/722-nova-publicacoes<\/a><\/address>\n","protected":false},"excerpt":{"rendered":"<p>Foi encerrado o &#8220;BPP &#8211; Bicycle Partnership Program&#8221; coordenado pela ONG holandesa\u00a0I-CE &#8211; Interface for Cycling Expertise entre 2007 e 2010. O BPP auxiliou o desenvolvimento de pol\u00edticas cicloinclusivas em [&hellip;]<\/p>\n","protected":false},"author":1,"featured_media":0,"comment_status":"open","ping_status":"open","sticky":false,"template":"","format":"standard","meta":{"_uag_custom_page_level_css":"","ngg_post_thumbnail":0,"footnotes":""},"categories":[5],"tags":[],"class_list":["post-357","post","type-post","status-publish","format-standard","hentry","category-biblioteca"],"gutentor_comment":1,"featured_image_src":"","featured_image_src_square":false,"author_info":{"display_name":"ciclovida","author_link":"https:\/\/ciclovida.ufpr.br\/?author=1"},"rbea_author_info":{"display_name":"ciclovida","author_link":"https:\/\/ciclovida.ufpr.br\/?author=1"},"rbea_excerpt_info":"Foi encerrado o &#8220;BPP &#8211; Bicycle Partnership Program&#8221; coordenado pela ONG holandesa\u00a0I-CE &#8211; Interface for Cycling Expertise entre 2007 e 2010. O BPP auxiliou o desenvolvimento de pol\u00edticas cicloinclusivas em [&hellip;]","category_list":"<a href=\"https:\/\/ciclovida.ufpr.br\/?cat=5\" rel=\"category\">Biblioteca<\/a>","comments_num":"0 comments","uagb_featured_image_src":{"full":false,"thumbnail":false,"medium":false,"medium_large":false,"large":false,"1536x1536":false,"2048x2048":false,"post-thumbnail":false,"twentytwenty-fullscreen":false},"uagb_author_info":{"display_name":"ciclovida","author_link":"https:\/\/ciclovida.ufpr.br\/?author=1"},"uagb_comment_info":1,"uagb_excerpt":"Foi encerrado o &#8220;BPP &#8211; Bicycle Partnership Program&#8221; coordenado pela ONG holandesa\u00a0I-CE &#8211; Interface for Cycling Expertise entre 2007 e 2010. O BPP auxiliou o desenvolvimento de pol\u00edticas cicloinclusivas em [&hellip;]","wps_subtitle":"","_links":{"self":[{"href":"https:\/\/ciclovida.ufpr.br\/index.php?rest_route=\/wp\/v2\/posts\/357","targetHints":{"allow":["GET"]}}],"collection":[{"href":"https:\/\/ciclovida.ufpr.br\/index.php?rest_route=\/wp\/v2\/posts"}],"about":[{"href":"https:\/\/ciclovida.ufpr.br\/index.php?rest_route=\/wp\/v2\/types\/post"}],"author":[{"embeddable":true,"href":"https:\/\/ciclovida.ufpr.br\/index.php?rest_route=\/wp\/v2\/users\/1"}],"replies":[{"embeddable":true,"href":"https:\/\/ciclovida.ufpr.br\/index.php?rest_route=%2Fwp%2Fv2%2Fcomments&post=357"}],"version-history":[{"count":13,"href":"https:\/\/ciclovida.ufpr.br\/index.php?rest_route=\/wp\/v2\/posts\/357\/revisions"}],"predecessor-version":[{"id":372,"href":"https:\/\/ciclovida.ufpr.br\/index.php?rest_route=\/wp\/v2\/posts\/357\/revisions\/372"}],"wp:attachment":[{"href":"https:\/\/ciclovida.ufpr.br\/index.php?rest_route=%2Fwp%2Fv2%2Fmedia&parent=357"}],"wp:term":[{"taxonomy":"category","embeddable":true,"href":"https:\/\/ciclovida.ufpr.br\/index.php?rest_route=%2Fwp%2Fv2%2Fcategories&post=357"},{"taxonomy":"post_tag","embeddable":true,"href":"https:\/\/ciclovida.ufpr.br\/index.php?rest_route=%2Fwp%2Fv2%2Ftags&post=357"}],"curies":[{"name":"wp","href":"https:\/\/api.w.org\/{rel}","templated":true}]}}