{"id":3537,"date":"2016-04-21T02:58:19","date_gmt":"2016-04-21T05:58:19","guid":{"rendered":"https:\/\/ciclovida.ufpr.br\/?p=3537"},"modified":"2016-04-21T02:58:19","modified_gmt":"2016-04-21T05:58:19","slug":"passeio-cicloturistico-na-represa-do-irai","status":"publish","type":"post","link":"https:\/\/ciclovida.ufpr.br\/?p=3537","title":{"rendered":"Passeio Ciclotur\u00edstico na Represa do Ira\u00ed"},"content":{"rendered":"<p>Passeio ciclotur\u00edstico a vista!<\/p>\n<p>No pr\u00f3ximo dia 30, prepare a bicicleta e o capacete para uma pedalada at\u00e9 a Represa do Ira\u00ed. Aproximadamente 50km de pedalada at\u00e9 a represa.<\/p>\n<p>Local de encontro: Asufepar (Rua Carlos Pradi n\u00ba18)<br \/>\nConcentra\u00e7\u00e3o:7h30<br \/>\nSa\u00edda: 8h00<br \/>\nRetorno estimado 13h30<\/p>\n<p><a href=\"https:\/\/ciclovida.ufpr.br\/wp-content\/uploads\/2016\/04\/Represa-do-Ira\u00ed-.jpg\"><img loading=\"lazy\" decoding=\"async\" class=\"alignleft  wp-image-3538\" src=\"https:\/\/ciclovida.ufpr.br\/wp-content\/uploads\/2016\/04\/Represa-do-Ira\u00ed--724x1024.jpg\" alt=\"Represa do Ira\u00ed\" width=\"526\" height=\"744\" srcset=\"https:\/\/ciclovida.ufpr.br\/wp-content\/uploads\/2016\/04\/Represa-do-Ira\u00ed--724x1024.jpg 724w, https:\/\/ciclovida.ufpr.br\/wp-content\/uploads\/2016\/04\/Represa-do-Ira\u00ed--212x300.jpg 212w, https:\/\/ciclovida.ufpr.br\/wp-content\/uploads\/2016\/04\/Represa-do-Ira\u00ed-.jpg 841w\" sizes=\"auto, (max-width: 526px) 100vw, 526px\" \/><\/a><\/p>\n","protected":false},"excerpt":{"rendered":"<p>Passeio ciclotur\u00edstico a vista! No pr\u00f3ximo dia 30, prepare a bicicleta e o capacete para uma pedalada at\u00e9 a Represa do Ira\u00ed. Aproximadamente 50km de pedalada at\u00e9 a represa. Local [&hellip;]<\/p>\n","protected":false},"author":106,"featured_media":0,"comment_status":"open","ping_status":"open","sticky":false,"template":"","format":"standard","meta":{"_uag_custom_page_level_css":"","ngg_post_thumbnail":0,"footnotes":""},"categories":[1],"tags":[],"class_list":["post-3537","post","type-post","status-publish","format-standard","hentry","category-noticias"],"gutentor_comment":0,"featured_image_src":"","featured_image_src_square":false,"author_info":{"display_name":"Alan Palomero","author_link":"https:\/\/ciclovida.ufpr.br\/?author=106"},"rbea_author_info":{"display_name":"Alan Palomero","author_link":"https:\/\/ciclovida.ufpr.br\/?author=106"},"rbea_excerpt_info":"Passeio ciclotur\u00edstico a vista! No pr\u00f3ximo dia 30, prepare a bicicleta e o capacete para uma pedalada at\u00e9 a Represa do Ira\u00ed. Aproximadamente 50km de pedalada at\u00e9 a represa. Local [&hellip;]","category_list":"<a href=\"https:\/\/ciclovida.ufpr.br\/?cat=1\" rel=\"category\">Not\u00edcias<\/a>","comments_num":"0 comments","uagb_featured_image_src":{"full":false,"thumbnail":false,"medium":false,"medium_large":false,"large":false,"1536x1536":false,"2048x2048":false,"post-thumbnail":false,"twentytwenty-fullscreen":false},"uagb_author_info":{"display_name":"Alan Palomero","author_link":"https:\/\/ciclovida.ufpr.br\/?author=106"},"uagb_comment_info":0,"uagb_excerpt":"Passeio ciclotur\u00edstico a vista! No pr\u00f3ximo dia 30, prepare a bicicleta e o capacete para uma pedalada at\u00e9 a Represa do Ira\u00ed. Aproximadamente 50km de pedalada at\u00e9 a represa. Local [&hellip;]","wps_subtitle":"","_links":{"self":[{"href":"https:\/\/ciclovida.ufpr.br\/index.php?rest_route=\/wp\/v2\/posts\/3537","targetHints":{"allow":["GET"]}}],"collection":[{"href":"https:\/\/ciclovida.ufpr.br\/index.php?rest_route=\/wp\/v2\/posts"}],"about":[{"href":"https:\/\/ciclovida.ufpr.br\/index.php?rest_route=\/wp\/v2\/types\/post"}],"author":[{"embeddable":true,"href":"https:\/\/ciclovida.ufpr.br\/index.php?rest_route=\/wp\/v2\/users\/106"}],"replies":[{"embeddable":true,"href":"https:\/\/ciclovida.ufpr.br\/index.php?rest_route=%2Fwp%2Fv2%2Fcomments&post=3537"}],"version-history":[{"count":1,"href":"https:\/\/ciclovida.ufpr.br\/index.php?rest_route=\/wp\/v2\/posts\/3537\/revisions"}],"predecessor-version":[{"id":3539,"href":"https:\/\/ciclovida.ufpr.br\/index.php?rest_route=\/wp\/v2\/posts\/3537\/revisions\/3539"}],"wp:attachment":[{"href":"https:\/\/ciclovida.ufpr.br\/index.php?rest_route=%2Fwp%2Fv2%2Fmedia&parent=3537"}],"wp:term":[{"taxonomy":"category","embeddable":true,"href":"https:\/\/ciclovida.ufpr.br\/index.php?rest_route=%2Fwp%2Fv2%2Fcategories&post=3537"},{"taxonomy":"post_tag","embeddable":true,"href":"https:\/\/ciclovida.ufpr.br\/index.php?rest_route=%2Fwp%2Fv2%2Ftags&post=3537"}],"curies":[{"name":"wp","href":"https:\/\/api.w.org\/{rel}","templated":true}]}}