{"id":3533,"date":"2016-04-21T02:44:32","date_gmt":"2016-04-21T05:44:32","guid":{"rendered":"https:\/\/ciclovida.ufpr.br\/?p=3533"},"modified":"2016-04-21T02:44:32","modified_gmt":"2016-04-21T05:44:32","slug":"comeca-o-calendario-de-cicloturismo-de-2016","status":"publish","type":"post","link":"https:\/\/ciclovida.ufpr.br\/?p=3533","title":{"rendered":"Come\u00e7a o calend\u00e1rio de Cicloturismo de 2016"},"content":{"rendered":"<p>As primeiras datas do calend\u00e1rio de Cicloturismo j\u00e1 est\u00e3o dispon\u00edveis!<\/p>\n<p><a href=\"https:\/\/ciclovida.ufpr.br\/wp-content\/uploads\/2016\/04\/Calendario-Cicloturismo-CicloVida-JPG.jpg\"><img loading=\"lazy\" decoding=\"async\" class=\"alignleft  wp-image-3534\" src=\"https:\/\/ciclovida.ufpr.br\/wp-content\/uploads\/2016\/04\/Calendario-Cicloturismo-CicloVida-JPG-1024x724.jpg\" alt=\"Calendario Cicloturismo CicloVida JPG\" width=\"603\" height=\"426\" srcset=\"https:\/\/ciclovida.ufpr.br\/wp-content\/uploads\/2016\/04\/Calendario-Cicloturismo-CicloVida-JPG-1024x724.jpg 1024w, https:\/\/ciclovida.ufpr.br\/wp-content\/uploads\/2016\/04\/Calendario-Cicloturismo-CicloVida-JPG-300x212.jpg 300w, https:\/\/ciclovida.ufpr.br\/wp-content\/uploads\/2016\/04\/Calendario-Cicloturismo-CicloVida-JPG.jpg 1190w\" sizes=\"auto, (max-width: 603px) 100vw, 603px\" \/><\/a><\/p>\n","protected":false},"excerpt":{"rendered":"<p>As primeiras datas do calend\u00e1rio de Cicloturismo j\u00e1 est\u00e3o dispon\u00edveis!<\/p>\n","protected":false},"author":106,"featured_media":0,"comment_status":"open","ping_status":"open","sticky":false,"template":"","format":"standard","meta":{"_uag_custom_page_level_css":"","ngg_post_thumbnail":0,"footnotes":""},"categories":[1],"tags":[],"class_list":["post-3533","post","type-post","status-publish","format-standard","hentry","category-noticias"],"gutentor_comment":0,"featured_image_src":"","featured_image_src_square":false,"author_info":{"display_name":"Alan Palomero","author_link":"https:\/\/ciclovida.ufpr.br\/?author=106"},"rbea_author_info":{"display_name":"Alan Palomero","author_link":"https:\/\/ciclovida.ufpr.br\/?author=106"},"rbea_excerpt_info":"As primeiras datas do calend\u00e1rio de Cicloturismo j\u00e1 est\u00e3o dispon\u00edveis!","category_list":"<a href=\"https:\/\/ciclovida.ufpr.br\/?cat=1\" rel=\"category\">Not\u00edcias<\/a>","comments_num":"0 comments","uagb_featured_image_src":{"full":false,"thumbnail":false,"medium":false,"medium_large":false,"large":false,"1536x1536":false,"2048x2048":false,"post-thumbnail":false,"twentytwenty-fullscreen":false},"uagb_author_info":{"display_name":"Alan Palomero","author_link":"https:\/\/ciclovida.ufpr.br\/?author=106"},"uagb_comment_info":0,"uagb_excerpt":"As primeiras datas do calend\u00e1rio de Cicloturismo j\u00e1 est\u00e3o dispon\u00edveis!","wps_subtitle":"","_links":{"self":[{"href":"https:\/\/ciclovida.ufpr.br\/index.php?rest_route=\/wp\/v2\/posts\/3533","targetHints":{"allow":["GET"]}}],"collection":[{"href":"https:\/\/ciclovida.ufpr.br\/index.php?rest_route=\/wp\/v2\/posts"}],"about":[{"href":"https:\/\/ciclovida.ufpr.br\/index.php?rest_route=\/wp\/v2\/types\/post"}],"author":[{"embeddable":true,"href":"https:\/\/ciclovida.ufpr.br\/index.php?rest_route=\/wp\/v2\/users\/106"}],"replies":[{"embeddable":true,"href":"https:\/\/ciclovida.ufpr.br\/index.php?rest_route=%2Fwp%2Fv2%2Fcomments&post=3533"}],"version-history":[{"count":2,"href":"https:\/\/ciclovida.ufpr.br\/index.php?rest_route=\/wp\/v2\/posts\/3533\/revisions"}],"predecessor-version":[{"id":3536,"href":"https:\/\/ciclovida.ufpr.br\/index.php?rest_route=\/wp\/v2\/posts\/3533\/revisions\/3536"}],"wp:attachment":[{"href":"https:\/\/ciclovida.ufpr.br\/index.php?rest_route=%2Fwp%2Fv2%2Fmedia&parent=3533"}],"wp:term":[{"taxonomy":"category","embeddable":true,"href":"https:\/\/ciclovida.ufpr.br\/index.php?rest_route=%2Fwp%2Fv2%2Fcategories&post=3533"},{"taxonomy":"post_tag","embeddable":true,"href":"https:\/\/ciclovida.ufpr.br\/index.php?rest_route=%2Fwp%2Fv2%2Ftags&post=3533"}],"curies":[{"name":"wp","href":"https:\/\/api.w.org\/{rel}","templated":true}]}}