{"id":3443,"date":"2015-10-24T15:17:51","date_gmt":"2015-10-24T18:17:51","guid":{"rendered":"https:\/\/ciclovida.ufpr.br\/?p=3443"},"modified":"2016-09-02T19:43:32","modified_gmt":"2016-09-02T22:43:32","slug":"livro-a-cidade-em-quilibrio-e-lancado","status":"publish","type":"post","link":"https:\/\/ciclovida.ufpr.br\/?p=3443","title":{"rendered":"Livro &#8220;A Cidade em Equil\u00edbrio&#8221; \u00e9 lan\u00e7ado"},"content":{"rendered":"<p>No dia 18\/09\/15, ap\u00f3s a realiza\u00e7\u00e3o do lX Desafio Intermodal de Curitiba, ocorreu\u00a0o lan\u00e7amento do livro &#8220;A\u00a0Cidade em Equil\u00edbrio: contribui\u00e7\u00f5es te\u00f3ricas ao terceiro F\u00f3rum Mundial da Bicicleta &#8211; Curitiba 2014&#8221;. A\u00a0colet\u00e2nea de artigos \u00e9 uma publica\u00e7\u00e3o elaborada dentro da parceria entre o Programa de extens\u00e3o Ciclovida da UFPR e a Cicloigua\u00e7u (Associa\u00e7\u00e3o dos ciclistas do Alto Igua\u00e7u). S\u00e3o organizadores do livro os servidores da UFPR, Jos\u00e9 Carlos Assun\u00e7\u00e3o Belotto e Silvana Nakamori e pela Cicloigua\u00e7u Jorge Brand (Goura Nataraj) e Luiz Claudio de Brito Patr\u00edcio. No lan\u00e7amento estiveram presentes diversos dos autores, o Reitor da UFPR, Prof. Zaki Akel Sobrinho, e a Secretaria de Tr\u00e2nsito Municipal Lu\u00edza Simonelli entre outros convidados.<\/p>\n<p>O livro est\u00e1 dispon\u00edvel para exibi\u00e7\u00e3o e download em pdf no link:\u00a0<a href=\"https:\/\/ciclovida.ufpr.br\/wp-content\/uploads\/2015\/10\/Cidade-em-Equil\u00edbrio-atualizada.pdf\">Cidade em Equil\u00edbrio<\/a><\/p>\n<p>Abaixo, fotos da cerim\u00f4nia de lan\u00e7amento:<\/p>\n<div id='gallery-1' class='gallery galleryid-3443 gallery-columns-3 gallery-size-medium'><figure class='gallery-item'>\n\t\t\t<div class='gallery-icon landscape'>\n\t\t\t\t<a href='https:\/\/ciclovida.ufpr.br\/wp-content\/uploads\/2015\/09\/IMG_5276.jpg'><img loading=\"lazy\" decoding=\"async\" width=\"300\" height=\"200\" src=\"https:\/\/ciclovida.ufpr.br\/wp-content\/uploads\/2015\/09\/IMG_5276-300x200.jpg\" class=\"attachment-medium size-medium\" alt=\"\" srcset=\"https:\/\/ciclovida.ufpr.br\/wp-content\/uploads\/2015\/09\/IMG_5276-300x200.jpg 300w, https:\/\/ciclovida.ufpr.br\/wp-content\/uploads\/2015\/09\/IMG_5276-1024x683.jpg 1024w\" sizes=\"auto, (max-width: 300px) 100vw, 300px\" \/><\/a>\n\t\t\t<\/div><\/figure><figure class='gallery-item'>\n\t\t\t<div class='gallery-icon landscape'>\n\t\t\t\t<a href='https:\/\/ciclovida.ufpr.br\/wp-content\/uploads\/2015\/09\/IMG_5277.jpg'><img loading=\"lazy\" decoding=\"async\" width=\"300\" height=\"200\" src=\"https:\/\/ciclovida.ufpr.br\/wp-content\/uploads\/2015\/09\/IMG_5277-300x200.jpg\" class=\"attachment-medium size-medium\" alt=\"\" srcset=\"https:\/\/ciclovida.ufpr.br\/wp-content\/uploads\/2015\/09\/IMG_5277-300x200.jpg 300w, https:\/\/ciclovida.ufpr.br\/wp-content\/uploads\/2015\/09\/IMG_5277-1024x683.jpg 1024w\" sizes=\"auto, (max-width: 300px) 100vw, 300px\" \/><\/a>\n\t\t\t<\/div><\/figure><figure class='gallery-item'>\n\t\t\t<div class='gallery-icon landscape'>\n\t\t\t\t<a href='https:\/\/ciclovida.ufpr.br\/wp-content\/uploads\/2015\/09\/IMG_5279.jpg'><img loading=\"lazy\" decoding=\"async\" width=\"300\" height=\"200\" src=\"https:\/\/ciclovida.ufpr.br\/wp-content\/uploads\/2015\/09\/IMG_5279-300x200.jpg\" class=\"attachment-medium size-medium\" alt=\"\" srcset=\"https:\/\/ciclovida.ufpr.br\/wp-content\/uploads\/2015\/09\/IMG_5279-300x200.jpg 300w, https:\/\/ciclovida.ufpr.br\/wp-content\/uploads\/2015\/09\/IMG_5279-1024x683.jpg 1024w\" sizes=\"auto, (max-width: 300px) 100vw, 300px\" \/><\/a>\n\t\t\t<\/div><\/figure><figure class='gallery-item'>\n\t\t\t<div class='gallery-icon landscape'>\n\t\t\t\t<a href='https:\/\/ciclovida.ufpr.br\/wp-content\/uploads\/2015\/09\/IMG_5282.jpg'><img loading=\"lazy\" decoding=\"async\" width=\"300\" height=\"200\" src=\"https:\/\/ciclovida.ufpr.br\/wp-content\/uploads\/2015\/09\/IMG_5282-300x200.jpg\" class=\"attachment-medium size-medium\" alt=\"\" srcset=\"https:\/\/ciclovida.ufpr.br\/wp-content\/uploads\/2015\/09\/IMG_5282-300x200.jpg 300w, https:\/\/ciclovida.ufpr.br\/wp-content\/uploads\/2015\/09\/IMG_5282-1024x683.jpg 1024w\" sizes=\"auto, (max-width: 300px) 100vw, 300px\" \/><\/a>\n\t\t\t<\/div><\/figure><figure class='gallery-item'>\n\t\t\t<div class='gallery-icon landscape'>\n\t\t\t\t<a href='https:\/\/ciclovida.ufpr.br\/wp-content\/uploads\/2015\/09\/IMG_5272.jpg'><img loading=\"lazy\" decoding=\"async\" width=\"300\" height=\"200\" src=\"https:\/\/ciclovida.ufpr.br\/wp-content\/uploads\/2015\/09\/IMG_5272-300x200.jpg\" class=\"attachment-medium size-medium\" alt=\"\" srcset=\"https:\/\/ciclovida.ufpr.br\/wp-content\/uploads\/2015\/09\/IMG_5272-300x200.jpg 300w, https:\/\/ciclovida.ufpr.br\/wp-content\/uploads\/2015\/09\/IMG_5272-1024x683.jpg 1024w\" sizes=\"auto, (max-width: 300px) 100vw, 300px\" \/><\/a>\n\t\t\t<\/div><\/figure><figure class='gallery-item'>\n\t\t\t<div class='gallery-icon landscape'>\n\t\t\t\t<a href='https:\/\/ciclovida.ufpr.br\/wp-content\/uploads\/2015\/09\/IMG_5283.jpg'><img loading=\"lazy\" decoding=\"async\" width=\"300\" height=\"200\" src=\"https:\/\/ciclovida.ufpr.br\/wp-content\/uploads\/2015\/09\/IMG_5283-300x200.jpg\" class=\"attachment-medium size-medium\" alt=\"\" srcset=\"https:\/\/ciclovida.ufpr.br\/wp-content\/uploads\/2015\/09\/IMG_5283-300x200.jpg 300w, https:\/\/ciclovida.ufpr.br\/wp-content\/uploads\/2015\/09\/IMG_5283-1024x683.jpg 1024w\" sizes=\"auto, (max-width: 300px) 100vw, 300px\" \/><\/a>\n\t\t\t<\/div><\/figure><figure class='gallery-item'>\n\t\t\t<div class='gallery-icon landscape'>\n\t\t\t\t<a href='https:\/\/ciclovida.ufpr.br\/wp-content\/uploads\/2015\/09\/IMG_5285.jpg'><img loading=\"lazy\" decoding=\"async\" width=\"300\" height=\"200\" src=\"https:\/\/ciclovida.ufpr.br\/wp-content\/uploads\/2015\/09\/IMG_5285-300x200.jpg\" class=\"attachment-medium size-medium\" alt=\"\" srcset=\"https:\/\/ciclovida.ufpr.br\/wp-content\/uploads\/2015\/09\/IMG_5285-300x200.jpg 300w, https:\/\/ciclovida.ufpr.br\/wp-content\/uploads\/2015\/09\/IMG_5285-1024x683.jpg 1024w\" sizes=\"auto, (max-width: 300px) 100vw, 300px\" \/><\/a>\n\t\t\t<\/div><\/figure><figure class='gallery-item'>\n\t\t\t<div class='gallery-icon landscape'>\n\t\t\t\t<a href='https:\/\/ciclovida.ufpr.br\/wp-content\/uploads\/2015\/09\/IMG_5286.jpg'><img loading=\"lazy\" decoding=\"async\" width=\"300\" height=\"200\" src=\"https:\/\/ciclovida.ufpr.br\/wp-content\/uploads\/2015\/09\/IMG_5286-300x200.jpg\" class=\"attachment-medium size-medium\" alt=\"\" srcset=\"https:\/\/ciclovida.ufpr.br\/wp-content\/uploads\/2015\/09\/IMG_5286-300x200.jpg 300w, https:\/\/ciclovida.ufpr.br\/wp-content\/uploads\/2015\/09\/IMG_5286-1024x683.jpg 1024w\" sizes=\"auto, (max-width: 300px) 100vw, 300px\" \/><\/a>\n\t\t\t<\/div><\/figure><figure class='gallery-item'>\n\t\t\t<div class='gallery-icon landscape'>\n\t\t\t\t<a href='https:\/\/ciclovida.ufpr.br\/wp-content\/uploads\/2015\/09\/IMG_5290.jpg'><img loading=\"lazy\" decoding=\"async\" width=\"300\" height=\"200\" src=\"https:\/\/ciclovida.ufpr.br\/wp-content\/uploads\/2015\/09\/IMG_5290-300x200.jpg\" class=\"attachment-medium size-medium\" alt=\"\" srcset=\"https:\/\/ciclovida.ufpr.br\/wp-content\/uploads\/2015\/09\/IMG_5290-300x200.jpg 300w, https:\/\/ciclovida.ufpr.br\/wp-content\/uploads\/2015\/09\/IMG_5290-1024x683.jpg 1024w\" sizes=\"auto, (max-width: 300px) 100vw, 300px\" \/><\/a>\n\t\t\t<\/div><\/figure><figure class='gallery-item'>\n\t\t\t<div class='gallery-icon landscape'>\n\t\t\t\t<a href='https:\/\/ciclovida.ufpr.br\/wp-content\/uploads\/2015\/09\/IMG_5293.jpg'><img loading=\"lazy\" decoding=\"async\" width=\"300\" height=\"200\" src=\"https:\/\/ciclovida.ufpr.br\/wp-content\/uploads\/2015\/09\/IMG_5293-300x200.jpg\" class=\"attachment-medium size-medium\" alt=\"\" srcset=\"https:\/\/ciclovida.ufpr.br\/wp-content\/uploads\/2015\/09\/IMG_5293-300x200.jpg 300w, https:\/\/ciclovida.ufpr.br\/wp-content\/uploads\/2015\/09\/IMG_5293-1024x683.jpg 1024w\" sizes=\"auto, (max-width: 300px) 100vw, 300px\" \/><\/a>\n\t\t\t<\/div><\/figure><figure class='gallery-item'>\n\t\t\t<div class='gallery-icon landscape'>\n\t\t\t\t<a href='https:\/\/ciclovida.ufpr.br\/wp-content\/uploads\/2015\/09\/IMG_5296.jpg'><img loading=\"lazy\" decoding=\"async\" width=\"300\" height=\"200\" src=\"https:\/\/ciclovida.ufpr.br\/wp-content\/uploads\/2015\/09\/IMG_5296-300x200.jpg\" class=\"attachment-medium size-medium\" alt=\"\" srcset=\"https:\/\/ciclovida.ufpr.br\/wp-content\/uploads\/2015\/09\/IMG_5296-300x200.jpg 300w, https:\/\/ciclovida.ufpr.br\/wp-content\/uploads\/2015\/09\/IMG_5296-1024x683.jpg 1024w\" sizes=\"auto, (max-width: 300px) 100vw, 300px\" \/><\/a>\n\t\t\t<\/div><\/figure><figure class='gallery-item'>\n\t\t\t<div class='gallery-icon portrait'>\n\t\t\t\t<a href='https:\/\/ciclovida.ufpr.br\/wp-content\/uploads\/2015\/09\/IMG_5297.jpg'><img loading=\"lazy\" decoding=\"async\" width=\"200\" height=\"300\" src=\"https:\/\/ciclovida.ufpr.br\/wp-content\/uploads\/2015\/09\/IMG_5297-200x300.jpg\" class=\"attachment-medium size-medium\" alt=\"\" srcset=\"https:\/\/ciclovida.ufpr.br\/wp-content\/uploads\/2015\/09\/IMG_5297-200x300.jpg 200w, https:\/\/ciclovida.ufpr.br\/wp-content\/uploads\/2015\/09\/IMG_5297-683x1024.jpg 683w\" sizes=\"auto, (max-width: 200px) 100vw, 200px\" \/><\/a>\n\t\t\t<\/div><\/figure><figure class='gallery-item'>\n\t\t\t<div class='gallery-icon portrait'>\n\t\t\t\t<a href='https:\/\/ciclovida.ufpr.br\/wp-content\/uploads\/2015\/09\/IMG_5298.jpg'><img loading=\"lazy\" decoding=\"async\" width=\"200\" height=\"300\" src=\"https:\/\/ciclovida.ufpr.br\/wp-content\/uploads\/2015\/09\/IMG_5298-200x300.jpg\" class=\"attachment-medium size-medium\" alt=\"\" srcset=\"https:\/\/ciclovida.ufpr.br\/wp-content\/uploads\/2015\/09\/IMG_5298-200x300.jpg 200w, https:\/\/ciclovida.ufpr.br\/wp-content\/uploads\/2015\/09\/IMG_5298-683x1024.jpg 683w\" sizes=\"auto, (max-width: 200px) 100vw, 200px\" \/><\/a>\n\t\t\t<\/div><\/figure><figure class='gallery-item'>\n\t\t\t<div class='gallery-icon landscape'>\n\t\t\t\t<a href='https:\/\/ciclovida.ufpr.br\/wp-content\/uploads\/2015\/09\/IMG_5305.jpg'><img loading=\"lazy\" decoding=\"async\" width=\"300\" height=\"200\" src=\"https:\/\/ciclovida.ufpr.br\/wp-content\/uploads\/2015\/09\/IMG_5305-300x200.jpg\" class=\"attachment-medium size-medium\" alt=\"\" srcset=\"https:\/\/ciclovida.ufpr.br\/wp-content\/uploads\/2015\/09\/IMG_5305-300x200.jpg 300w, https:\/\/ciclovida.ufpr.br\/wp-content\/uploads\/2015\/09\/IMG_5305-1024x683.jpg 1024w\" sizes=\"auto, (max-width: 300px) 100vw, 300px\" \/><\/a>\n\t\t\t<\/div><\/figure><figure class='gallery-item'>\n\t\t\t<div class='gallery-icon landscape'>\n\t\t\t\t<a href='https:\/\/ciclovida.ufpr.br\/wp-content\/uploads\/2015\/09\/IMG_5309.jpg'><img loading=\"lazy\" decoding=\"async\" width=\"300\" height=\"200\" src=\"https:\/\/ciclovida.ufpr.br\/wp-content\/uploads\/2015\/09\/IMG_5309-300x200.jpg\" class=\"attachment-medium size-medium\" alt=\"\" srcset=\"https:\/\/ciclovida.ufpr.br\/wp-content\/uploads\/2015\/09\/IMG_5309-300x200.jpg 300w, https:\/\/ciclovida.ufpr.br\/wp-content\/uploads\/2015\/09\/IMG_5309-1024x683.jpg 1024w\" sizes=\"auto, (max-width: 300px) 100vw, 300px\" \/><\/a>\n\t\t\t<\/div><\/figure><figure class='gallery-item'>\n\t\t\t<div class='gallery-icon landscape'>\n\t\t\t\t<a href='https:\/\/ciclovida.ufpr.br\/wp-content\/uploads\/2015\/09\/IMG_5311.jpg'><img loading=\"lazy\" decoding=\"async\" width=\"300\" height=\"200\" src=\"https:\/\/ciclovida.ufpr.br\/wp-content\/uploads\/2015\/09\/IMG_5311-300x200.jpg\" class=\"attachment-medium size-medium\" alt=\"\" srcset=\"https:\/\/ciclovida.ufpr.br\/wp-content\/uploads\/2015\/09\/IMG_5311-300x200.jpg 300w, https:\/\/ciclovida.ufpr.br\/wp-content\/uploads\/2015\/09\/IMG_5311-1024x683.jpg 1024w\" sizes=\"auto, (max-width: 300px) 100vw, 300px\" \/><\/a>\n\t\t\t<\/div><\/figure>\n\t\t<\/div>\n\n","protected":false},"excerpt":{"rendered":"<p>No dia 18\/09\/15, ap\u00f3s a realiza\u00e7\u00e3o do lX Desafio Intermodal de Curitiba, ocorreu\u00a0o lan\u00e7amento do livro &#8220;A\u00a0Cidade em Equil\u00edbrio: contribui\u00e7\u00f5es te\u00f3ricas ao terceiro F\u00f3rum Mundial da Bicicleta &#8211; Curitiba 2014&#8221;. [&hellip;]<\/p>\n","protected":false},"author":106,"featured_media":0,"comment_status":"open","ping_status":"open","sticky":false,"template":"","format":"standard","meta":{"_uag_custom_page_level_css":"","ngg_post_thumbnail":0,"footnotes":""},"categories":[1],"tags":[],"class_list":["post-3443","post","type-post","status-publish","format-standard","hentry","category-noticias"],"gutentor_comment":0,"featured_image_src":"","featured_image_src_square":false,"author_info":{"display_name":"Alan Palomero","author_link":"https:\/\/ciclovida.ufpr.br\/?author=106"},"rbea_author_info":{"display_name":"Alan Palomero","author_link":"https:\/\/ciclovida.ufpr.br\/?author=106"},"rbea_excerpt_info":"No dia 18\/09\/15, ap\u00f3s a realiza\u00e7\u00e3o do lX Desafio Intermodal de Curitiba, ocorreu\u00a0o lan\u00e7amento do livro &#8220;A\u00a0Cidade em Equil\u00edbrio: contribui\u00e7\u00f5es te\u00f3ricas ao terceiro F\u00f3rum Mundial da Bicicleta &#8211; Curitiba 2014&#8221;. [&hellip;]","category_list":"<a href=\"https:\/\/ciclovida.ufpr.br\/?cat=1\" rel=\"category\">Not\u00edcias<\/a>","comments_num":"0 comments","uagb_featured_image_src":{"full":false,"thumbnail":false,"medium":false,"medium_large":false,"large":false,"1536x1536":false,"2048x2048":false,"post-thumbnail":false,"twentytwenty-fullscreen":false},"uagb_author_info":{"display_name":"Alan Palomero","author_link":"https:\/\/ciclovida.ufpr.br\/?author=106"},"uagb_comment_info":0,"uagb_excerpt":"No dia 18\/09\/15, ap\u00f3s a realiza\u00e7\u00e3o do lX Desafio Intermodal de Curitiba, ocorreu\u00a0o lan\u00e7amento do livro &#8220;A\u00a0Cidade em Equil\u00edbrio: contribui\u00e7\u00f5es te\u00f3ricas ao terceiro F\u00f3rum Mundial da Bicicleta &#8211; Curitiba 2014&#8221;. [&hellip;]","wps_subtitle":"","_links":{"self":[{"href":"https:\/\/ciclovida.ufpr.br\/index.php?rest_route=\/wp\/v2\/posts\/3443","targetHints":{"allow":["GET"]}}],"collection":[{"href":"https:\/\/ciclovida.ufpr.br\/index.php?rest_route=\/wp\/v2\/posts"}],"about":[{"href":"https:\/\/ciclovida.ufpr.br\/index.php?rest_route=\/wp\/v2\/types\/post"}],"author":[{"embeddable":true,"href":"https:\/\/ciclovida.ufpr.br\/index.php?rest_route=\/wp\/v2\/users\/106"}],"replies":[{"embeddable":true,"href":"https:\/\/ciclovida.ufpr.br\/index.php?rest_route=%2Fwp%2Fv2%2Fcomments&post=3443"}],"version-history":[{"count":7,"href":"https:\/\/ciclovida.ufpr.br\/index.php?rest_route=\/wp\/v2\/posts\/3443\/revisions"}],"predecessor-version":[{"id":3746,"href":"https:\/\/ciclovida.ufpr.br\/index.php?rest_route=\/wp\/v2\/posts\/3443\/revisions\/3746"}],"wp:attachment":[{"href":"https:\/\/ciclovida.ufpr.br\/index.php?rest_route=%2Fwp%2Fv2%2Fmedia&parent=3443"}],"wp:term":[{"taxonomy":"category","embeddable":true,"href":"https:\/\/ciclovida.ufpr.br\/index.php?rest_route=%2Fwp%2Fv2%2Fcategories&post=3443"},{"taxonomy":"post_tag","embeddable":true,"href":"https:\/\/ciclovida.ufpr.br\/index.php?rest_route=%2Fwp%2Fv2%2Ftags&post=3443"}],"curies":[{"name":"wp","href":"https:\/\/api.w.org\/{rel}","templated":true}]}}