{"id":3435,"date":"2015-10-13T18:00:39","date_gmt":"2015-10-13T21:00:39","guid":{"rendered":"https:\/\/ciclovida.ufpr.br\/?p=3435"},"modified":"2015-10-13T18:00:39","modified_gmt":"2015-10-13T21:00:39","slug":"amsterdam-e-aqui-nove-cidades-brasileiras-com-alto-uso-de-bicicleta","status":"publish","type":"post","link":"https:\/\/ciclovida.ufpr.br\/?p=3435","title":{"rendered":"Amsterdam \u00e9 aqui: nove cidades brasileiras com alto uso de bicicleta"},"content":{"rendered":"<p>\u201cAs bicicletas vieram para ficar\u201d \u00e9 uma destas frases de senso comum que, al\u00e9m de conter uma ideia vazia em si, carrega equ\u00edvocos de interpreta\u00e7\u00e3o historiogr\u00e1fica. Desde o in\u00edcio do s\u00e9culo XX as bicicletas est\u00e3o presentes em nossas cidades. Em maior ou menor quantidade, com mais ou menos visibilidade, mas sempre estiveram presentes.<span id=\"more-2164\"><\/span><\/p>\n<p>Se nas grandes cidades ou nas cidades em crescimento os autom\u00f3veis ainda dominam a paisagem e a ocupa\u00e7\u00e3o da maior parte das vias p\u00fablicas, o mesmo n\u00e3o pode ser dito sobre algumas cidades brasileiras de pequeno porte \u2013 at\u00e9 100 mil habitantes, de acordo com o IBGE.<\/p>\n<p>No \u00faltimo final de semana de Setembro, a convite da UCB \u2013 Uni\u00e3o de Ciclistas do Brasil, Rede Bicicleta para Todos, Alian\u00e7a Bike e da Rede Bike Anjo, a cidade de S\u00e3o Paulo recebeu a visita de representantes de nove prefeituras de cidades pequenas que possuem uma ampla e disseminada cultura da bicicleta.<\/p>\n<p>Vieram prefeitos, vice-prefeitos e secret\u00e1rios para conhecer a maior feira nacional do setor de bicicletas, a\u00a0Brasil Cycle Fair, bem como visitar e analisar algumas das pol\u00edticas p\u00fablicas em implanta\u00e7\u00e3o na cidade de S\u00e3o Paulo.<\/p>\n<p>O di\u00e1logo e a troca de informa\u00e7\u00f5es foram t\u00e3o enriquecedores que as organiza\u00e7\u00f5es realizadoras, juntamente com estas prefeituras, j\u00e1 est\u00e3o estruturando uma ampla pesquisa sobre a cultura da bicicleta em cidades de pequeno porte, visando a investigar profundamente as caracter\u00edsticas locais que fazem destas cidades nossas pequenas \u201cAmsterdans tupiniquins\u201d.<\/p>\n<p>Confira as caracter\u00edsticas principais destas cidades que mant\u00e9m a cultura da bicicleta no Brasil presente, aquecida e difundida:<\/p>\n<p><b>Tarauac\u00e1 (Acre)<\/b><\/p>\n<p>&nbsp;<\/p>\n<p><a href=\"https:\/\/ciclovida.ufpr.br\/wp-content\/uploads\/2015\/10\/Tarauaca-620x315.jpg\"><img loading=\"lazy\" decoding=\"async\" class=\"alignnone size-full wp-image-3436\" src=\"https:\/\/ciclovida.ufpr.br\/wp-content\/uploads\/2015\/10\/Tarauaca-620x315.jpg\" alt=\"Tarauaca-620x315\" width=\"620\" height=\"315\" srcset=\"https:\/\/ciclovida.ufpr.br\/wp-content\/uploads\/2015\/10\/Tarauaca-620x315.jpg 620w, https:\/\/ciclovida.ufpr.br\/wp-content\/uploads\/2015\/10\/Tarauaca-620x315-300x152.jpg 300w\" sizes=\"auto, (max-width: 620px) 100vw, 620px\" \/><\/a><\/p>\n<p><strong>Popula\u00e7\u00e3o (2014):<\/strong>\u00a038.201 habitantes, sendo 52% urbana e 48% rural<\/p>\n<p><strong>Estimativa de viagens di\u00e1rias feitas em bicicleta<\/strong>\u00a0(Prefeitura): entre 40 e 60%<\/p>\n<p><strong>Quantidade de bicicletas:<\/strong>\u00a03 a 4 bicicletas por domicilio<\/p>\n<p><b>Caracter\u00edsticas:<\/b>\u00a0Cidade centen\u00e1ria, localizada no extremo noroeste brasileiro, na conflu\u00eancia dos rios Tarauac\u00e1 e Muru. De geografia plana, estabelecida no vale do Juru\u00e1, Tarauac\u00e1 ainda faz fronteira com o Per\u00fa.<\/p>\n<blockquote><p>\u201cNo munic\u00edpio s\u00e3o 27 mil bicicletas contra 800 autom\u00f3veis. Este ano fizemos uma audi\u00eancia p\u00fablica para implanta\u00e7\u00e3o da primeira linha de \u00f4nibus municipal e veja s\u00f3 o que aconteceu: a popula\u00e7\u00e3o rejeitou a ideia. Disseram que j\u00e1 se sentem contemplados usando bicicleta, moto e caminhando\u201d, revelou o vice-prefeito da cidade de Tarauac\u00e1.<\/p><\/blockquote>\n<p><b>C\u00e1ceres (Mato Grosso)<\/b><\/p>\n<p>&nbsp;<\/p>\n<p>https:\/\/www.youtube.com\/watch?v=LO187zCZrDQ<\/p>\n<p><strong>Popula\u00e7\u00e3o (2014):<\/strong>\u00a090.106 habitantes<\/p>\n<p><strong>Estimativa de viagens di\u00e1ruas feitas em bicicleta<\/strong>\u00a0(Prefeitura): Entre 60 e 70%<\/p>\n<p><strong>Quantidade de bicicletas:<\/strong>\u00a0130 mil bicicletas<\/p>\n<p><b>Caracter\u00edsticas:<\/b>\u00a0Localizada no alto Pantanal, C\u00e1ceres faz fronteira com a Bol\u00edvia. Com temperatura m\u00e9dia anual de 22,6 graus, sua geografia \u00e9 predominantemente plana, contando tamb\u00e9m com plan\u00edcies pantanosas. \u00c9 considerada a \u201ccidade das bicicletas\u201d.<\/p>\n<blockquote><p>\u201cNa minha cidade dizemos que mexer com os ciclistas \u00e9 sin\u00f4nimo de enterrar a carreira pol\u00edtica\u201d, revelou o Secret\u00e1rio de Governo de C\u00e1ceres.<\/p><\/blockquote>\n<p>Para conferir as outras cidades e ler a mat\u00e9ria completa, acesse:\u00a0<a href=\"http:\/\/www.uniaodeciclistas.org.br\/artigos\/amsterdam-e-aqui-nove-cidades-brasileiras-com-alto-uso-de-bicicleta\/\">http:\/\/www.uniaodeciclistas.org.br\/artigos\/amsterdam-e-aqui-nove-cidades-brasileiras-com-alto-uso-de-bicicleta\/<\/a><\/p>\n<p>&nbsp;<\/p>\n","protected":false},"excerpt":{"rendered":"<p>\u201cAs bicicletas vieram para ficar\u201d \u00e9 uma destas frases de senso comum que, al\u00e9m de conter uma ideia vazia em si, carrega equ\u00edvocos de interpreta\u00e7\u00e3o historiogr\u00e1fica. Desde o in\u00edcio do [&hellip;]<\/p>\n","protected":false},"author":106,"featured_media":0,"comment_status":"open","ping_status":"open","sticky":false,"template":"","format":"standard","meta":{"_uag_custom_page_level_css":"","ngg_post_thumbnail":0,"footnotes":""},"categories":[1],"tags":[],"class_list":["post-3435","post","type-post","status-publish","format-standard","hentry","category-noticias"],"gutentor_comment":0,"featured_image_src":"","featured_image_src_square":false,"author_info":{"display_name":"Alan Palomero","author_link":"https:\/\/ciclovida.ufpr.br\/?author=106"},"rbea_author_info":{"display_name":"Alan Palomero","author_link":"https:\/\/ciclovida.ufpr.br\/?author=106"},"rbea_excerpt_info":"\u201cAs bicicletas vieram para ficar\u201d \u00e9 uma destas frases de senso comum que, al\u00e9m de conter uma ideia vazia em si, carrega equ\u00edvocos de interpreta\u00e7\u00e3o historiogr\u00e1fica. Desde o in\u00edcio do [&hellip;]","category_list":"<a href=\"https:\/\/ciclovida.ufpr.br\/?cat=1\" rel=\"category\">Not\u00edcias<\/a>","comments_num":"0 comments","uagb_featured_image_src":{"full":false,"thumbnail":false,"medium":false,"medium_large":false,"large":false,"1536x1536":false,"2048x2048":false,"post-thumbnail":false,"twentytwenty-fullscreen":false},"uagb_author_info":{"display_name":"Alan Palomero","author_link":"https:\/\/ciclovida.ufpr.br\/?author=106"},"uagb_comment_info":0,"uagb_excerpt":"\u201cAs bicicletas vieram para ficar\u201d \u00e9 uma destas frases de senso comum que, al\u00e9m de conter uma ideia vazia em si, carrega equ\u00edvocos de interpreta\u00e7\u00e3o historiogr\u00e1fica. Desde o in\u00edcio do [&hellip;]","wps_subtitle":"","_links":{"self":[{"href":"https:\/\/ciclovida.ufpr.br\/index.php?rest_route=\/wp\/v2\/posts\/3435","targetHints":{"allow":["GET"]}}],"collection":[{"href":"https:\/\/ciclovida.ufpr.br\/index.php?rest_route=\/wp\/v2\/posts"}],"about":[{"href":"https:\/\/ciclovida.ufpr.br\/index.php?rest_route=\/wp\/v2\/types\/post"}],"author":[{"embeddable":true,"href":"https:\/\/ciclovida.ufpr.br\/index.php?rest_route=\/wp\/v2\/users\/106"}],"replies":[{"embeddable":true,"href":"https:\/\/ciclovida.ufpr.br\/index.php?rest_route=%2Fwp%2Fv2%2Fcomments&post=3435"}],"version-history":[{"count":2,"href":"https:\/\/ciclovida.ufpr.br\/index.php?rest_route=\/wp\/v2\/posts\/3435\/revisions"}],"predecessor-version":[{"id":3438,"href":"https:\/\/ciclovida.ufpr.br\/index.php?rest_route=\/wp\/v2\/posts\/3435\/revisions\/3438"}],"wp:attachment":[{"href":"https:\/\/ciclovida.ufpr.br\/index.php?rest_route=%2Fwp%2Fv2%2Fmedia&parent=3435"}],"wp:term":[{"taxonomy":"category","embeddable":true,"href":"https:\/\/ciclovida.ufpr.br\/index.php?rest_route=%2Fwp%2Fv2%2Fcategories&post=3435"},{"taxonomy":"post_tag","embeddable":true,"href":"https:\/\/ciclovida.ufpr.br\/index.php?rest_route=%2Fwp%2Fv2%2Ftags&post=3435"}],"curies":[{"name":"wp","href":"https:\/\/api.w.org\/{rel}","templated":true}]}}